{"id":9294,"date":"2026-03-13T13:50:41","date_gmt":"2026-03-13T12:50:41","guid":{"rendered":"https:\/\/studentradion.se\/?p=9294"},"modified":"2026-03-13T13:50:41","modified_gmt":"2026-03-13T12:50:41","slug":"podda-om-fotbolls-vm-med-srs","status":"publish","type":"post","link":"https:\/\/studentradion.se\/en_gb\/nyheter-2021\/podda-om-fotbolls-vm-med-srs\/","title":{"rendered":"Podda om Fotbolls-VM med SRS!"},"content":{"rendered":"<p><span style=\"font-size: 12pt; color: #000000;\"><strong>Hela SRS ska g\u00f6ra ett radioprogram och alla f\u00e5r vara med!<\/strong><\/span><\/p>\n<p><span style=\"font-size: 12pt; color: #000000;\">Inf\u00f6r \u00e5rets upplaga av fotbolls-VM s\u00e5 ska SRS g\u00f6ra ett program om b\u00e5de turneringen och allt som h\u00e4nder i kring den. Vi vill inte att programmet enbart ska handla om fotboll, dels f\u00f6r att vi vill att alla ska kunna vara med och bidra, men ocks\u00e5 f\u00f6r att programmet ska spegla vilken folkfest och blandning av kulturer som ett fotbolls-VM \u00e4r.<\/span><\/p>\n<p><span style=\"font-size: 12pt; color: #000000;\">Turneringen inneh\u00e5ller 12 grupper med 4 lag i varje grupp. Tanken \u00e4r d\u00e5 att programmet till en b\u00f6rjan ska omfatta 12 avsnitt, ett f\u00f6r varje grupp som deltar i turneringen. I varje avsnitt har vi 4 deltagare som pratar, varav en av dem \u00e4r Viktor Bergman (Ume\u00e5 Studentradio) som \u00e4r st\u00e5ende moderator. Avsnittet \u00e4r uppdelat i 4 segment, ett f\u00f6r varje land, d\u00e4r varje deltagare f\u00e5r varsitt land att ansvara f\u00f6r. Varje avsnitt blir ungef\u00e4r en timme l\u00e5ngt.<\/span><\/p>\n<p><span style=\"font-size: 12pt; color: #000000;\">Man f\u00e5r egen frihet i hur man vill g\u00f6ra sitt segment om sitt land. Att prata om ett politiskt skifte i ett land eller senaste skvallret om en k\u00e4ndis fr\u00e5n det landet \u00e4r lika okej som att prata om vilken startelva de kommer st\u00e4lla upp med. Var kreativ!<\/span><\/p>\n<p><span style=\"font-size: 12pt; color: #000000;\">Vi \u00f6ppnar nu en anm\u00e4lan f\u00f6r samtliga som \u00e4r intresserade av att p\u00e5 ett eller annat s\u00e4tt medverka i arbetet med programmet\/podden (prata, redigera, sk\u00f6ta inspelningsteknik, spela in jinglar eller ing\u00e5 i arbetsgruppen som jobbar med poddens helhet). Intresseanm\u00e4lan st\u00e4nger den 17 mars.<\/span><\/p>\n<p><span style=\"font-size: 12pt; color: #000000;\"><strong>H\u00e4r anm\u00e4ler du dig: <a style=\"color: #000000;\" href=\"https:\/\/forms.gle\/fJEWp5oH4aPKNYNC6\">https:\/\/forms.gle\/fJEWp5oH4aPKNYNC6<\/a><\/strong><\/span><\/p>\n<p><span style=\"font-size: 12pt; color: #000000;\">Kort d\u00e4refter h\u00e5ller vi ett till uppstartsm\u00f6te med alla som \u00e4r intresserade av att medverka och ber\u00e4ttar mer om hur inspelningen av podcasten kommer att g\u00e5 till. Planen \u00e4r sedan att b\u00f6rja spela in i april n\u00e4r alla VM-grupper \u00e4r f\u00e4rdigst\u00e4llda.<\/span><\/p>\n<p><span style=\"font-size: 12pt; color: #000000;\"><strong>S\u00e5 missa inte chansen att snacka loss med andra radiopratare fr\u00e5n hela studentradiosverige &#8211; anm\u00e4l dig redan idag till terminens roligaste samarbete!<\/strong><\/span><\/p>","protected":false},"excerpt":{"rendered":"<p>Hela SRS ska g\u00f6ra ett radioprogram och alla f\u00e5r vara med! Inf\u00f6r \u00e5rets upplaga av fotbolls-VM s\u00e5 ska SRS g\u00f6ra ett program om b\u00e5de turneringen och allt som h\u00e4nder i kring den. Vi vill inte att programmet enbart ska handla om fotboll, dels f\u00f6r att vi vill att alla ska kunna vara med och bidra, [&hellip;]<\/p>\n","protected":false},"author":32,"featured_media":9295,"comment_status":"closed","ping_status":"closed","sticky":false,"template":"","format":"standard","meta":{"_et_pb_use_builder":"","_et_pb_old_content":"","_et_gb_content_width":"","footnotes":""},"categories":[31],"tags":[],"class_list":["post-9294","post","type-post","status-publish","format-standard","has-post-thumbnail","hentry","category-nyheter-2021"],"_links":{"self":[{"href":"https:\/\/studentradion.se\/en_gb\/wp-json\/wp\/v2\/posts\/9294","targetHints":{"allow":["GET"]}}],"collection":[{"href":"https:\/\/studentradion.se\/en_gb\/wp-json\/wp\/v2\/posts"}],"about":[{"href":"https:\/\/studentradion.se\/en_gb\/wp-json\/wp\/v2\/types\/post"}],"author":[{"embeddable":true,"href":"https:\/\/studentradion.se\/en_gb\/wp-json\/wp\/v2\/users\/32"}],"replies":[{"embeddable":true,"href":"https:\/\/studentradion.se\/en_gb\/wp-json\/wp\/v2\/comments?post=9294"}],"version-history":[{"count":1,"href":"https:\/\/studentradion.se\/en_gb\/wp-json\/wp\/v2\/posts\/9294\/revisions"}],"predecessor-version":[{"id":9296,"href":"https:\/\/studentradion.se\/en_gb\/wp-json\/wp\/v2\/posts\/9294\/revisions\/9296"}],"wp:featuredmedia":[{"embeddable":true,"href":"https:\/\/studentradion.se\/en_gb\/wp-json\/wp\/v2\/media\/9295"}],"wp:attachment":[{"href":"https:\/\/studentradion.se\/en_gb\/wp-json\/wp\/v2\/media?parent=9294"}],"wp:term":[{"taxonomy":"category","embeddable":true,"href":"https:\/\/studentradion.se\/en_gb\/wp-json\/wp\/v2\/categories?post=9294"},{"taxonomy":"post_tag","embeddable":true,"href":"https:\/\/studentradion.se\/en_gb\/wp-json\/wp\/v2\/tags?post=9294"}],"curies":[{"name":"wp","href":"https:\/\/api.w.org\/{rel}","templated":true}]}}