{"id":9289,"date":"2026-03-13T13:47:54","date_gmt":"2026-03-13T12:47:54","guid":{"rendered":"https:\/\/studentradion.se\/?p=9289"},"modified":"2026-03-13T14:01:21","modified_gmt":"2026-03-13T13:01:21","slug":"ar-du-var-nya-styrelsestjarna","status":"publish","type":"post","link":"https:\/\/studentradion.se\/en_gb\/nyheter-2021\/ar-du-var-nya-styrelsestjarna\/","title":{"rendered":"\u00c4r du v\u00e5r n\u00e4sta styrelsestj\u00e4rna?"},"content":{"rendered":"<p style=\"line-height: 140%;\"><span style=\"color: #000000; font-size: 12pt;\"><strong>Vill du vara med och leda Studentradion i Sverige?<\/strong><\/span><\/p>\n<p><span style=\"color: #000000; font-size: 12pt;\">Under storm\u00f6tet i Uppsala den 17\u201319 april v\u00e4ljer vi en ny styrelse. Vi s\u00f6ker nu engagerade personer som vill sitta p\u00e5 ansvarsposter och arbeta f\u00f6r att skapa de b\u00e4sta m\u00f6jliga f\u00f6ruts\u00e4ttningarna f\u00f6r studentradio i Sverige.<\/span><\/p>\n<p><span style=\"color: #000000; font-size: 12pt;\">Som styrelseledamot f\u00e5r du arbeta i ett nationellt n\u00e4tverk, driva kreativa projekt och f\u00e5 erfarenheter f\u00f6r livet. Ta chansen att p\u00e5verka och utvecklas tillsammans med oss!<\/span><\/p>\n<div><\/div>\n<div>\n<p><span style=\"color: #000000; font-size: 12pt;\"><strong><em>Just nu kan du kandidera till f\u00f6ljande poster:<\/em><\/strong><\/span><\/p>\n<p><strong><span style=\"color: #000000; font-size: 12pt;\">Vice Ordf\u00f6rande: <\/span><\/strong><span style=\"color: #000000; font-size: 12pt;\">Agerar som arbetsledare f\u00f6r SRS anst\u00e4llda. Medverkar p\u00e5 veckom\u00f6ten och h\u00e5ller koll p\u00e5 att kansliets arbetsmilj\u00f6 \u00e4r bra och att arbetsbelastningen \u00e4r lagom. H\u00e5ller check-in-samtal med f\u00f6reningsadminstrat\u00f6ren minst en g\u00e5ng per \u00e5r. Vice ordf\u00f6randes huvudansvar \u00e4r arbetsledning, men kan \u00e4ven agera st\u00e4llf\u00f6retr\u00e4dare f\u00f6r ordf\u00f6rande i organisationen om detta skulle beh\u00f6vas n\u00e5gon g\u00e5ng.<\/span><\/p>\n<\/div>\n<div>\n<p><strong><span style=\"color: #000000; font-size: 12pt;\">Styrelseledamot &#8211; Interna samarbeten:\u00a0<\/span><\/strong><span style=\"color: #000000; font-size: 12pt;\">Ansvarar framf\u00f6r allt f\u00f6r att f\u00f6rbereda och leda v\u00e5ra n\u00e4tverksm\u00f6ten. Men posten kan \u00e4ven innefatta andra initiativ som f\u00f6r v\u00e5ra medlemsf\u00f6reningar n\u00e4rmare varandra och n\u00e4rmare Studentradion i Sverige.\u00a0<\/span><\/p>\n<p><strong><span style=\"color: #000000; font-size: 12pt;\">Styrelseledamot &#8211; Sociala medier:\u00a0<\/span><\/strong><span style=\"color: #000000; font-size: 12pt;\">Tar fram och postar varierande material p\u00e5 v\u00e5ra sociala medier &#8211; med fokus p\u00e5 Instagram. Posten \u00e4r kreativ och vi uppmuntrar ledamoten att hitta nya s\u00e4tt att presentera SRS och v\u00e5ra medlemsf\u00f6reningar i bild, ljud och video. Hj\u00e4lper \u00e4ven andra ledam\u00f6ter att ta fram material f\u00f6r t.ex. n\u00e4tverksm\u00f6ten och samarbetsprojekt.<\/span><\/p>\n<p><strong><span style=\"color: #000000; font-size: 12pt;\">Styrelseledamot\/ledam\u00f6ter &#8211; Valbart ansvarsomr\u00e5de:\u00a0<\/span><\/strong><span style=\"color: #000000; font-size: 12pt;\">H\u00e4r finns utrymme att antingen hj\u00e4lpa till med n\u00e5gon av de andra ansvarsomr\u00e5dena i styrelsearbetet (interna samarbeten, externa samarbeten, sociala medier eller finansieringsm\u00f6jligheter) eller att identifiera n\u00e5got annat relevant omr\u00e5de som SRS borde bli b\u00e4ttre p\u00e5 att jobba med. Ansvarsomr\u00e5de best\u00e4ms p\u00e5 det f\u00f6rsta fysiska styrelsem\u00f6tet tillsammans &#8211; men presentera g\u00e4rna vad du skulle vilja satsa p\u00e5 redan i din ans\u00f6kan.\u00a0<\/span><\/p>\n<p><strong><span style=\"color: #000000; font-size: 12pt;\">En post i valberedningen:\u00a0<\/span><\/strong><span style=\"color: #000000; font-size: 12pt;\">Ing\u00e5r i ett team av totalt tre valberedare. H\u00e4r f\u00e5r du m\u00f6jligheten att prata med m\u00e5nga av v\u00e5ra medlemmar och uppmuntra personer att engagera sig i organisationen. Uppdraget \u00e4r fr\u00e4mst fokuserat till ett par m\u00e5nader inf\u00f6r varje storm\u00f6te.<\/span><\/p>\n<p><strong><span style=\"color: #000000; font-size: 12pt;\">Intern revisor:<\/span><\/strong><span style=\"color: #000000; font-size: 12pt;\"> \u00c4r v\u00e5ra medlemmars \u00f6gon in i styrelsearbetet. Du l\u00e4ser protokoll och kontrollerar att styrelsens arbete f\u00f6ljer stadgar och verksamhetsplanen. Den ekonomiska revisionen utf\u00f6rs av en auktoriserad revisor &#8211; den interna revisorns revisionsber\u00e4ttelse innefattar endast styrelsens uppdrag.<\/span><\/p>\n<\/div>\n<div><span style=\"color: #000000; font-size: 12pt;\"><em>\u00a0<\/em><\/span><\/div>\n<div><span style=\"color: #000000; font-size: 12pt;\">Ans\u00f6k senast: <strong>1 april i <a href=\"https:\/\/docs.google.com\/forms\/d\/e\/1FAIpQLSeOK8kfxRKTQUUY45opXBUGqrDGDpCCWXEW7G4ElFkNqb679g\/viewform\">den h\u00e4r enk\u00e4ten<\/a>!<br \/>\n<\/strong><\/span><\/div>\n<div>\n<p><span style=\"color: #000000; font-size: 12pt;\">Fr\u00e5gor eller funderingar? Kontakta Alma Rivarola Baraibar p\u00e5 <a style=\"color: #000000;\" href=\"mailto:alma.rivarola.baraibar@hotmail.com\" target=\"_blank\" rel=\"noopener\" data-u-link-value=\"eyJuYW1lIjoiZW1haWwiLCJhdHRycyI6eyJocmVmIjoibWFpbHRvOnt7ZW1haWx9fT9zdWJqZWN0PXt7c3ViamVjdH19JmJvZHk9e3tib2R5fX0ifSwidmFsdWVzIjp7ImVtYWlsIjoiYWxtYS5yaXZhcm9sYS5iYXJhaWJhckBob3RtYWlsLmNvbSIsInN1YmplY3QiOiIiLCJib2R5IjoiIn19\">alma.rivarola.baraibar@hotmail.com<\/a>.<\/span><\/p>\n<p><span style=\"color: #000000; font-size: 12pt;\">V\u00e4lkommen med din ans\u00f6kan!<\/span><\/p>\n<\/div>\n<div><span style=\"color: #000000; font-size: 12pt;\">\/<em>Valberedningen: <\/em><\/span><\/div>\n<div><span style=\"color: #000000; font-size: 12pt;\"><strong>Alma Rivarola Baraibar, Rasmus S\u00e4ker <\/strong>and<strong> Jonathan \u00c4rfstr\u00f6m<\/strong><\/span><\/div>","protected":false},"excerpt":{"rendered":"<p>Vill du vara med och leda Studentradion i Sverige? Under storm\u00f6tet i Uppsala den 17\u201319 april v\u00e4ljer vi en ny styrelse. Vi s\u00f6ker nu engagerade personer som vill sitta p\u00e5 ansvarsposter och arbeta f\u00f6r att skapa de b\u00e4sta m\u00f6jliga f\u00f6ruts\u00e4ttningarna f\u00f6r studentradio i Sverige. Som styrelseledamot f\u00e5r du arbeta i ett nationellt n\u00e4tverk, driva kreativa [&hellip;]<\/p>\n","protected":false},"author":32,"featured_media":9290,"comment_status":"closed","ping_status":"closed","sticky":false,"template":"","format":"standard","meta":{"_et_pb_use_builder":"","_et_pb_old_content":"","_et_gb_content_width":"","footnotes":""},"categories":[31],"tags":[],"class_list":["post-9289","post","type-post","status-publish","format-standard","has-post-thumbnail","hentry","category-nyheter-2021"],"_links":{"self":[{"href":"https:\/\/studentradion.se\/en_gb\/wp-json\/wp\/v2\/posts\/9289","targetHints":{"allow":["GET"]}}],"collection":[{"href":"https:\/\/studentradion.se\/en_gb\/wp-json\/wp\/v2\/posts"}],"about":[{"href":"https:\/\/studentradion.se\/en_gb\/wp-json\/wp\/v2\/types\/post"}],"author":[{"embeddable":true,"href":"https:\/\/studentradion.se\/en_gb\/wp-json\/wp\/v2\/users\/32"}],"replies":[{"embeddable":true,"href":"https:\/\/studentradion.se\/en_gb\/wp-json\/wp\/v2\/comments?post=9289"}],"version-history":[{"count":2,"href":"https:\/\/studentradion.se\/en_gb\/wp-json\/wp\/v2\/posts\/9289\/revisions"}],"predecessor-version":[{"id":9306,"href":"https:\/\/studentradion.se\/en_gb\/wp-json\/wp\/v2\/posts\/9289\/revisions\/9306"}],"wp:featuredmedia":[{"embeddable":true,"href":"https:\/\/studentradion.se\/en_gb\/wp-json\/wp\/v2\/media\/9290"}],"wp:attachment":[{"href":"https:\/\/studentradion.se\/en_gb\/wp-json\/wp\/v2\/media?parent=9289"}],"wp:term":[{"taxonomy":"category","embeddable":true,"href":"https:\/\/studentradion.se\/en_gb\/wp-json\/wp\/v2\/categories?post=9289"},{"taxonomy":"post_tag","embeddable":true,"href":"https:\/\/studentradion.se\/en_gb\/wp-json\/wp\/v2\/tags?post=9289"}],"curies":[{"name":"wp","href":"https:\/\/api.w.org\/{rel}","templated":true}]}}