{"id":9281,"date":"2026-02-27T15:04:28","date_gmt":"2026-02-27T14:04:28","guid":{"rendered":"https:\/\/studentradion.se\/?p=9281"},"modified":"2026-02-27T15:04:28","modified_gmt":"2026-02-27T14:04:28","slug":"vi-firar-in-varen-i-uppsala","status":"publish","type":"post","link":"https:\/\/studentradion.se\/en_gb\/nyheter-2021\/vi-firar-in-varen-i-uppsala\/","title":{"rendered":"Vi firar in v\u00e5ren i Uppsala!"},"content":{"rendered":"<p style=\"line-height: 140%;\"><span style=\"font-size: 12pt; color: #000000;\">Finns det n\u00e5got b\u00e4ttre \u00e4n att fira in v\u00e5ren i en riktigt v\u00e5rig stad? I april m\u00f6ter Studentradion i Sverige v\u00e5ren i h\u00e4rliga <strong>Uppsala<\/strong> och sj\u00e4lvklart \u00e4r \u00e4ven du v\u00e4lkommen!<\/span><\/p>\n<p style=\"line-height: 140%;\"><span style=\"font-size: 12pt; color: #000000;\">Den <strong>17-19 april<\/strong> st\u00e5r Studentradion 98,9 v\u00e4rd f\u00f6r SRS Storm\u00f6te d\u00e4r deltagare fr\u00e5n v\u00e5ra medlemsstationer f\u00e5r m\u00f6jligheter att m\u00f6tas, l\u00e4ra sig mer om radio och p\u00e5verka Studentradion i Sveriges framtid. Det brukar vara en helg full av intressanta diskussioner, \u00f6verraskande aktiviteter och en och annan festlig tillst\u00e4llning. Dessutom f\u00e5r du chansen att knyta kontakter med deltagare fr\u00e5n hela Norden!<\/span><\/p>\n<p><span style=\"font-size: 12pt; color: #000000;\">S\u00e5 skriv in datumet i din kalender redan nu och kontakta din stations ordf\u00f6rande eller stationschef om du vill f\u00f6lja med p\u00e5 v\u00e5rterminens roligaste radiohelg. Anm\u00e4lan \u00e4r redan \u00f6ppen och sker via din station som har mer info!<\/span><\/p>","protected":false},"excerpt":{"rendered":"<p>Finns det n\u00e5got b\u00e4ttre \u00e4n att fira in v\u00e5ren i en riktigt v\u00e5rig stad? I april m\u00f6ter Studentradion i Sverige v\u00e5ren i h\u00e4rliga Uppsala och sj\u00e4lvklart \u00e4r \u00e4ven du v\u00e4lkommen! Den 17-19 april st\u00e5r Studentradion 98,9 v\u00e4rd f\u00f6r SRS Storm\u00f6te d\u00e4r deltagare fr\u00e5n v\u00e5ra medlemsstationer f\u00e5r m\u00f6jligheter att m\u00f6tas, l\u00e4ra sig mer om radio och [&hellip;]<\/p>\n","protected":false},"author":32,"featured_media":9282,"comment_status":"closed","ping_status":"closed","sticky":false,"template":"","format":"standard","meta":{"_et_pb_use_builder":"","_et_pb_old_content":"","_et_gb_content_width":"","footnotes":""},"categories":[31],"tags":[],"class_list":["post-9281","post","type-post","status-publish","format-standard","has-post-thumbnail","hentry","category-nyheter-2021"],"_links":{"self":[{"href":"https:\/\/studentradion.se\/en_gb\/wp-json\/wp\/v2\/posts\/9281","targetHints":{"allow":["GET"]}}],"collection":[{"href":"https:\/\/studentradion.se\/en_gb\/wp-json\/wp\/v2\/posts"}],"about":[{"href":"https:\/\/studentradion.se\/en_gb\/wp-json\/wp\/v2\/types\/post"}],"author":[{"embeddable":true,"href":"https:\/\/studentradion.se\/en_gb\/wp-json\/wp\/v2\/users\/32"}],"replies":[{"embeddable":true,"href":"https:\/\/studentradion.se\/en_gb\/wp-json\/wp\/v2\/comments?post=9281"}],"version-history":[{"count":1,"href":"https:\/\/studentradion.se\/en_gb\/wp-json\/wp\/v2\/posts\/9281\/revisions"}],"predecessor-version":[{"id":9283,"href":"https:\/\/studentradion.se\/en_gb\/wp-json\/wp\/v2\/posts\/9281\/revisions\/9283"}],"wp:featuredmedia":[{"embeddable":true,"href":"https:\/\/studentradion.se\/en_gb\/wp-json\/wp\/v2\/media\/9282"}],"wp:attachment":[{"href":"https:\/\/studentradion.se\/en_gb\/wp-json\/wp\/v2\/media?parent=9281"}],"wp:term":[{"taxonomy":"category","embeddable":true,"href":"https:\/\/studentradion.se\/en_gb\/wp-json\/wp\/v2\/categories?post=9281"},{"taxonomy":"post_tag","embeddable":true,"href":"https:\/\/studentradion.se\/en_gb\/wp-json\/wp\/v2\/tags?post=9281"}],"curies":[{"name":"wp","href":"https:\/\/api.w.org\/{rel}","templated":true}]}}