{"id":9238,"date":"2025-12-23T17:19:41","date_gmt":"2025-12-23T16:19:41","guid":{"rendered":"https:\/\/studentradion.se\/?p=9238"},"modified":"2025-12-23T17:19:41","modified_gmt":"2025-12-23T16:19:41","slug":"stormotet-i-helsingborg","status":"publish","type":"post","link":"https:\/\/studentradion.se\/en_gb\/nyheter-2021\/stormotet-i-helsingborg\/","title":{"rendered":"Storm\u00f6tet i Helsingborg"},"content":{"rendered":"<p><span style=\"font-size: 12pt; color: #000000;\">F\u00f6r en m\u00e5nad sedan var det dags igen: Studentradion i Sverige bj\u00f6d in till storm\u00f6te! Den h\u00e4r g\u00e5ngen samlades vi i Helsingborg d\u00e4r v\u00e5r v\u00e4rdstation Stampus FM tillsammans med Stampus hade planerat tre dagar av workshops, Helsingborgsvyer och kalas. \u00c4ven det h\u00e4r storm\u00f6tet hade vi det stora n\u00f6jet att ha nordiskt bes\u00f6k &#8211; den h\u00e4r g\u00e5ngen fr\u00e5n b\u00e5de Danmark, Norge och Finland!<\/span><\/p>\n<p>&nbsp;<\/p>\n<p><span style=\"font-size: 12pt; color: #000000;\">Vi v\u00e4lkomnades av en sn\u00f6ig stad p\u00e5 fredagen, d\u00e5 vi fick titta in i Stampus FMs studio och mingla runt lite innan vi f\u00f6rberedde oss f\u00f6r att \u00e5kta tur och retur till Danmark upprepade g\u00e5nger under kv\u00e4llen. Fenomenet att tura var nytt f\u00f6r m\u00e5nga och under fredagskv\u00e4llen gungade vi fram \u00f6ver sundet medan vi spelade l\u00e4ra-k\u00e4nna-varandra-bingo och \u00e5t r\u00f8d p\u00f8lse.<\/span><\/p>\n<p>&nbsp;<\/p>\n<p><span style=\"font-size: 12pt; color: #000000;\">Under l\u00f6rdagen fick vi bes\u00f6k av\u00a0<strong>Susanna Dzamic<\/strong>\u00a0som b\u00e5de f\u00f6rel\u00e4ste om sitt yrkesliv inom liveradio och h\u00f6ll en workshop d\u00e4r v\u00e5ra deltagare fick chansen att prata om sina radioerfarenheter med varandra. Sedan drog vi p\u00e5 oss vinterkl\u00e4derna och promenerade runt i Helsingborg samtidigt som vi svarade p\u00e5 kluriga quizfr\u00e5gor om s\u00e5 v\u00e4l P\u00e5 Sp\u00e5ret som lokala naturreservat. Sj\u00e4lvklart avslutades dagen med en sittning som inneh\u00f6ll god mat, m\u00e5nga spex och en kl\u00e4dkod d\u00e4r rutig skjorta och keps var n\u00e4st intill obligatoriskt.<\/span><\/p>\n<p>&nbsp;<\/p>\n<p><span style=\"font-size: 12pt; color: #000000;\">Efter tv\u00e5 dagar tillsammans skulle vi \u00e4gna s\u00f6ndagen \u00e5t viktiga beslut. H\u00f6stens medlemsm\u00f6te behandlade n\u00e4sta \u00e5rs verksamhetsplan samt budget och delar av v\u00e5r styrelse f\u00f6r 2026 valdes. Bland de invalda finns b\u00e5de nya och bekanta ansikten:<\/span><\/p>\n<p><span style=\"font-size: 12pt; color: #000000;\">Ordf\u00f6rande:\u00a0<strong>Lina Frank<\/strong><em>\u00a0(K103)<\/em><\/span><\/p>\n<p><span style=\"font-size: 12pt; color: #000000;\">Kass\u00f6r:\u00a0<strong>Eva Gustavfsson<\/strong>\u00a0<em>(K103)<\/em><\/span><\/p>\n<p><span style=\"font-size: 12pt; color: #000000;\">Ledamot, externa samarbeten:\u00a0<strong>Nayomi Elias Bairu<\/strong>\u00a0<em>(Radio AF\/Radio 040)<\/em><\/span><\/p>\n<p><span style=\"font-size: 12pt; color: #000000;\">Ledamot, finansieringsm\u00f6jligheter:<strong>\u00a0Carl-Christian Frunck<\/strong>\u00a0<em>(Ume\u00e5 Studentradio)<\/em><\/span><\/p>\n<p><span style=\"font-size: 12pt; color: #000000;\">Ledamot, odefinierat ansvar:\u00a0<strong>Rabija Nurmatova<\/strong>\u00a0<em>(Ume\u00e5 Studentradio)<\/em><\/span><\/p>\n<p><span style=\"font-size: 12pt; color: #000000;\">Valberedning:\u00a0<strong>Alma Rivarola Baraibar<\/strong>\u00a0<em>(Ume\u00e5 Studentradio)\u00a0<\/em>and\u00a0<strong>Rasmus S\u00e4ker<\/strong>\u00a0<em>(K103)<\/em><\/span><\/p>\n<p>&nbsp;<\/p>\n<p><span style=\"font-size: 12pt; color: #000000;\">M\u00f6tesdeltagarna r\u00f6stade \u00e4ven f\u00f6r att godk\u00e4nna Radio 040s medlemsans\u00f6kan vilket gjorde att vi avslutade m\u00f6tet en medlemsstation rikare! Dessutom hann vi med att avtacka Rasmus S\u00e4ker efter hans \u00e5r som ordf\u00f6rande i organisationen och Anna Svilling f\u00f6r hennes tid som ledamot med finansieringsansvar.<\/span><\/p>\n<p><span style=\"font-size: 12pt; color: #000000;\">Vilken helg allts\u00e5! Det tycker jag att vi g\u00f6r om snart igen.<\/span><\/p>","protected":false},"excerpt":{"rendered":"<p>F\u00f6r en m\u00e5nad sedan var det dags igen: Studentradion i Sverige bj\u00f6d in till storm\u00f6te! Den h\u00e4r g\u00e5ngen samlades vi i Helsingborg d\u00e4r v\u00e5r v\u00e4rdstation Stampus FM tillsammans med Stampus hade planerat tre dagar av workshops, Helsingborgsvyer och kalas. \u00c4ven det h\u00e4r storm\u00f6tet hade vi det stora n\u00f6jet att ha nordiskt bes\u00f6k &#8211; den h\u00e4r [&hellip;]<\/p>\n","protected":false},"author":32,"featured_media":9240,"comment_status":"closed","ping_status":"closed","sticky":false,"template":"","format":"standard","meta":{"_et_pb_use_builder":"","_et_pb_old_content":"","_et_gb_content_width":"","footnotes":""},"categories":[31],"tags":[],"class_list":["post-9238","post","type-post","status-publish","format-standard","has-post-thumbnail","hentry","category-nyheter-2021"],"_links":{"self":[{"href":"https:\/\/studentradion.se\/en_gb\/wp-json\/wp\/v2\/posts\/9238","targetHints":{"allow":["GET"]}}],"collection":[{"href":"https:\/\/studentradion.se\/en_gb\/wp-json\/wp\/v2\/posts"}],"about":[{"href":"https:\/\/studentradion.se\/en_gb\/wp-json\/wp\/v2\/types\/post"}],"author":[{"embeddable":true,"href":"https:\/\/studentradion.se\/en_gb\/wp-json\/wp\/v2\/users\/32"}],"replies":[{"embeddable":true,"href":"https:\/\/studentradion.se\/en_gb\/wp-json\/wp\/v2\/comments?post=9238"}],"version-history":[{"count":1,"href":"https:\/\/studentradion.se\/en_gb\/wp-json\/wp\/v2\/posts\/9238\/revisions"}],"predecessor-version":[{"id":9241,"href":"https:\/\/studentradion.se\/en_gb\/wp-json\/wp\/v2\/posts\/9238\/revisions\/9241"}],"wp:featuredmedia":[{"embeddable":true,"href":"https:\/\/studentradion.se\/en_gb\/wp-json\/wp\/v2\/media\/9240"}],"wp:attachment":[{"href":"https:\/\/studentradion.se\/en_gb\/wp-json\/wp\/v2\/media?parent=9238"}],"wp:term":[{"taxonomy":"category","embeddable":true,"href":"https:\/\/studentradion.se\/en_gb\/wp-json\/wp\/v2\/categories?post=9238"},{"taxonomy":"post_tag","embeddable":true,"href":"https:\/\/studentradion.se\/en_gb\/wp-json\/wp\/v2\/tags?post=9238"}],"curies":[{"name":"wp","href":"https:\/\/api.w.org\/{rel}","templated":true}]}}