{"id":9083,"date":"2025-06-16T16:10:57","date_gmt":"2025-06-16T14:10:57","guid":{"rendered":"https:\/\/studentradion.se\/?p=9083"},"modified":"2025-06-16T16:10:57","modified_gmt":"2025-06-16T14:10:57","slug":"vi-har-en-ny-styrelse","status":"publish","type":"post","link":"https:\/\/studentradion.se\/en_gb\/nyheter-2021\/vi-har-en-ny-styrelse\/","title":{"rendered":"Vi har en ny styrelse!"},"content":{"rendered":"<p style=\"line-height: 140%;\"><span style=\"font-size: 12pt; color: #000000;\">P\u00e5 storm\u00f6tet i Ume\u00e5 h\u00f6lls \u00e4ven Studentradion i Sveriges \u00e5rsm\u00f6te. V\u00e5r styrelse samt \u00f6vriga f\u00f6rtroendeposter v\u00e4ljs omlott p\u00e5 v\u00e5rens \u00e5rsm\u00f6te och h\u00f6stens medlemsm\u00f6te f\u00f6r att f\u00f6renkla styrelsens arbete under \u00e5ret och s\u00e4kerst\u00e4lla att vi kontinuerligt kan jobba f\u00f6r att studentradion runt omkring i landet har de b\u00e4sta m\u00f6jliga f\u00f6ruts\u00e4ttningarna. Den 1 juli i \u00e5r kliver f\u00f6ljande personer p\u00e5 sina f\u00f6rtroendeuppdrag i SRS:<\/span><\/p>\n<p style=\"line-height: 140%;\"><span style=\"font-size: 12pt; color: #000000;\">Vice ordf\u00f6rande:<strong> Isaak Keidser Flygare<\/strong> <em>(RadioLUR)<\/em><\/span><\/p>\n<p style=\"line-height: 140%;\"><span style=\"font-size: 12pt; color: #000000;\">Ledamot med ansvar f\u00f6r sociala medier: <strong>Anna Hasselberg<\/strong> <em>(Studentradion 98,9)<\/em><\/span><\/p>\n<p style=\"line-height: 140%;\"><span style=\"font-size: 12pt; color: #000000;\">Ledamot med ansvar f\u00f6r interna samarbeten: <strong>Tindra \u00c5hlin<\/strong> <em>(Ume\u00e5 Studentradio)<\/em><\/span><\/p>\n<p style=\"line-height: 140%;\"><span style=\"font-size: 12pt; color: #000000;\">Ledamot med ansvar f\u00f6r finansieringsm\u00f6jligheter: <strong>Anna Svilling<\/strong><em> (Ume\u00e5 Studentradio)<\/em><\/span><\/p>\n<p style=\"line-height: 140%;\"><span style=\"font-size: 12pt; color: #000000;\">Ledamot med odefinierat uppdrag: <strong>Aron Hedlund Sturk<\/strong> <em>(SH Radio)<\/em><\/span><\/p>\n<p style=\"line-height: 140%;\"><span style=\"font-size: 12pt; color: #000000;\">Intern revisor:<strong> Andr\u00e9 Krisping <\/strong><em>(Radio AF)<\/em><\/span><\/p>\n<p style=\"line-height: 140%;\"><span style=\"font-size: 12pt; color: #000000;\">Valberedning:<strong> Jonathan \u00c4rfstr\u00f6m<\/strong><em> (Ume\u00e5 Studentradio)<\/em><\/span><\/p>\n<p style=\"line-height: 140%;\"><span style=\"font-size: 12pt; color: #000000;\">V\u00e4lkomna till era nya f\u00f6rtroendeuppdrag allihopa! Nu ser vi fram emot ett uppstartsm\u00f6te f\u00f6r styrelsen i augusti!<\/span><\/p>","protected":false},"excerpt":{"rendered":"<p>P\u00e5 storm\u00f6tet i Ume\u00e5 h\u00f6lls \u00e4ven Studentradion i Sveriges \u00e5rsm\u00f6te. V\u00e5r styrelse samt \u00f6vriga f\u00f6rtroendeposter v\u00e4ljs omlott p\u00e5 v\u00e5rens \u00e5rsm\u00f6te och h\u00f6stens medlemsm\u00f6te f\u00f6r att f\u00f6renkla styrelsens arbete under \u00e5ret och s\u00e4kerst\u00e4lla att vi kontinuerligt kan jobba f\u00f6r att studentradion runt omkring i landet har de b\u00e4sta m\u00f6jliga f\u00f6ruts\u00e4ttningarna. Den 1 juli i \u00e5r kliver [&hellip;]<\/p>\n","protected":false},"author":32,"featured_media":9084,"comment_status":"closed","ping_status":"closed","sticky":false,"template":"","format":"standard","meta":{"_et_pb_use_builder":"","_et_pb_old_content":"","_et_gb_content_width":"","footnotes":""},"categories":[31],"tags":[],"class_list":["post-9083","post","type-post","status-publish","format-standard","has-post-thumbnail","hentry","category-nyheter-2021"],"_links":{"self":[{"href":"https:\/\/studentradion.se\/en_gb\/wp-json\/wp\/v2\/posts\/9083","targetHints":{"allow":["GET"]}}],"collection":[{"href":"https:\/\/studentradion.se\/en_gb\/wp-json\/wp\/v2\/posts"}],"about":[{"href":"https:\/\/studentradion.se\/en_gb\/wp-json\/wp\/v2\/types\/post"}],"author":[{"embeddable":true,"href":"https:\/\/studentradion.se\/en_gb\/wp-json\/wp\/v2\/users\/32"}],"replies":[{"embeddable":true,"href":"https:\/\/studentradion.se\/en_gb\/wp-json\/wp\/v2\/comments?post=9083"}],"version-history":[{"count":1,"href":"https:\/\/studentradion.se\/en_gb\/wp-json\/wp\/v2\/posts\/9083\/revisions"}],"predecessor-version":[{"id":9085,"href":"https:\/\/studentradion.se\/en_gb\/wp-json\/wp\/v2\/posts\/9083\/revisions\/9085"}],"wp:featuredmedia":[{"embeddable":true,"href":"https:\/\/studentradion.se\/en_gb\/wp-json\/wp\/v2\/media\/9084"}],"wp:attachment":[{"href":"https:\/\/studentradion.se\/en_gb\/wp-json\/wp\/v2\/media?parent=9083"}],"wp:term":[{"taxonomy":"category","embeddable":true,"href":"https:\/\/studentradion.se\/en_gb\/wp-json\/wp\/v2\/categories?post=9083"},{"taxonomy":"post_tag","embeddable":true,"href":"https:\/\/studentradion.se\/en_gb\/wp-json\/wp\/v2\/tags?post=9083"}],"curies":[{"name":"wp","href":"https:\/\/api.w.org\/{rel}","templated":true}]}}