{"id":8840,"date":"2024-04-04T14:25:26","date_gmt":"2024-04-04T12:25:26","guid":{"rendered":"https:\/\/studentradion.se\/?p=8840"},"modified":"2024-04-04T14:25:26","modified_gmt":"2024-04-04T12:25:26","slug":"arsmotehelg-i-goteborg","status":"publish","type":"post","link":"https:\/\/studentradion.se\/en_gb\/nyheter-2021\/arsmotehelg-i-goteborg\/","title":{"rendered":"\u00c5rsm\u00f6tehelg i G\u00f6teborg"},"content":{"rendered":"<div class=\"xdj266r x11i5rnm xat24cr x1mh8g0r x1vvkbs x126k92a\">\n<div dir=\"auto\"><strong><span style=\"font-size: 12pt;\">Du e v\u00e4\u00e4\u00e4lkommen till G\u00f6teborg!<\/span><\/strong><\/div>\n<\/div>\n<div class=\"x11i5rnm xat24cr x1mh8g0r x1vvkbs xtlvy1s x126k92a\">\n<div dir=\"auto\">\n<span style=\"font-size: 12pt;\">Den <strong>10-12 maj<\/strong> arrangerar K103 G\u00f6teborgs Studentradio v\u00e5rens nationella tr\u00e4ff i G\u00f6teborg! Detta kommer bli del tv\u00e5 av v\u00e5rt \u00e5rsm\u00f6te som inleds digitalt 25 april. Schemat f\u00f6r m\u00f6teshelgen kommer att bli extra v\u00e4lfyllt den h\u00e4r g\u00e5ngen, s\u00e5 du kan se fram emot tre dagar med diskussioner, praktiska workshops, deltagarmingel, god mat och mycket annat skoj (dessutom t\u00e4nkte vi planera in en paus eller tv\u00e5 s\u00e5 vi kan fylla p\u00e5 med energi mellan alla roliga punkter p\u00e5 schemat).<\/span><\/p>\n<p><span style=\"font-size: 12pt;\">Under m\u00f6teshelgen kommer vi \u00e4ven att v\u00e4lja personer till f\u00f6ljande f\u00f6rtroendeposter inom Studentradion i Sverige: vice ordf\u00f6rande, ledamot med ansvar f\u00f6r sociala medier, ledamot med ansvar f\u00f6r interna samarbeten samt en ledamot med odefinierat ansvarsomr\u00e5de. Vi har \u00e4ven en plats i valberedningen som beh\u00f6ver en ny stj\u00e4rna!<\/span><br \/>\n<span style=\"font-size: 12pt;\">\u00c4r du intresserad av n\u00e5gon av posterna s\u00e5 fyller du i valberedningens enk\u00e4t <a href=\"https:\/\/docs.google.com\/forms\/d\/e\/1FAIpQLSeZ2jUkdgBMIcbo8O2RblRbuT2n6-to0jg2z0mYQ8Hzh5Q30w\/viewform\">here<\/a>. Du kan \u00e4ven golvkandidera p\u00e5 m\u00f6tet i G\u00f6teborg.<\/span><\/p>\n<\/div>\n<\/div>\n<div class=\"x11i5rnm xat24cr x1mh8g0r x1vvkbs xtlvy1s x126k92a\">\n<div dir=\"auto\"><span style=\"font-size: 12pt;\">Inbjudan samt anm\u00e4lningsl\u00e4nk har skickats ut till alla medlemsf\u00f6reningar s\u00e5 kontakta din f\u00f6renings styrelse eller stationschef ifall du vill h\u00e4nga med p\u00e5 storm\u00f6te i maj. Vi ses i G\u00f6teborg!<\/span><\/div>\n<\/div>","protected":false},"excerpt":{"rendered":"<p>Du e v\u00e4\u00e4\u00e4lkommen till G\u00f6teborg! Den 10-12 maj arrangerar K103 G\u00f6teborgs Studentradio v\u00e5rens nationella tr\u00e4ff i G\u00f6teborg! Detta kommer bli del tv\u00e5 av v\u00e5rt \u00e5rsm\u00f6te som inleds digitalt 25 april. Schemat f\u00f6r m\u00f6teshelgen kommer att bli extra v\u00e4lfyllt den h\u00e4r g\u00e5ngen, s\u00e5 du kan se fram emot tre dagar med diskussioner, praktiska workshops, deltagarmingel, god [&hellip;]<\/p>\n","protected":false},"author":32,"featured_media":8841,"comment_status":"closed","ping_status":"closed","sticky":false,"template":"","format":"standard","meta":{"_et_pb_use_builder":"","_et_pb_old_content":"","_et_gb_content_width":"","footnotes":""},"categories":[31],"tags":[],"class_list":["post-8840","post","type-post","status-publish","format-standard","has-post-thumbnail","hentry","category-nyheter-2021"],"_links":{"self":[{"href":"https:\/\/studentradion.se\/en_gb\/wp-json\/wp\/v2\/posts\/8840","targetHints":{"allow":["GET"]}}],"collection":[{"href":"https:\/\/studentradion.se\/en_gb\/wp-json\/wp\/v2\/posts"}],"about":[{"href":"https:\/\/studentradion.se\/en_gb\/wp-json\/wp\/v2\/types\/post"}],"author":[{"embeddable":true,"href":"https:\/\/studentradion.se\/en_gb\/wp-json\/wp\/v2\/users\/32"}],"replies":[{"embeddable":true,"href":"https:\/\/studentradion.se\/en_gb\/wp-json\/wp\/v2\/comments?post=8840"}],"version-history":[{"count":1,"href":"https:\/\/studentradion.se\/en_gb\/wp-json\/wp\/v2\/posts\/8840\/revisions"}],"predecessor-version":[{"id":8842,"href":"https:\/\/studentradion.se\/en_gb\/wp-json\/wp\/v2\/posts\/8840\/revisions\/8842"}],"wp:featuredmedia":[{"embeddable":true,"href":"https:\/\/studentradion.se\/en_gb\/wp-json\/wp\/v2\/media\/8841"}],"wp:attachment":[{"href":"https:\/\/studentradion.se\/en_gb\/wp-json\/wp\/v2\/media?parent=8840"}],"wp:term":[{"taxonomy":"category","embeddable":true,"href":"https:\/\/studentradion.se\/en_gb\/wp-json\/wp\/v2\/categories?post=8840"},{"taxonomy":"post_tag","embeddable":true,"href":"https:\/\/studentradion.se\/en_gb\/wp-json\/wp\/v2\/tags?post=8840"}],"curies":[{"name":"wp","href":"https:\/\/api.w.org\/{rel}","templated":true}]}}