{"id":8732,"date":"2024-01-04T13:17:55","date_gmt":"2024-01-04T12:17:55","guid":{"rendered":"https:\/\/studentradion.se\/?p=8732"},"modified":"2024-01-04T13:47:19","modified_gmt":"2024-01-04T12:47:19","slug":"stormotet-i-lund","status":"publish","type":"post","link":"https:\/\/studentradion.se\/en_gb\/nyheter-2021\/stormotet-i-lund\/","title":{"rendered":"Storm\u00f6tet i Lund"},"content":{"rendered":"<p style=\"line-height: 140%;\"><span style=\"font-size: 12pt;\">Den 24-26 november samlades representanter fr\u00e5n Studentradion i Sveriges medlemsstationer i Lund f\u00f6r h\u00f6stens storm\u00f6te. Som v\u00e4rd f\u00f6r m\u00f6tet stod Radio AF och de bj\u00f6d in till tre intensiva dagar fyllda med allt fr\u00e5n ett protokollf\u00f6rt medlemsm\u00f6te till efterfest i radiostudion. L\u00f6rdagen inleddes med ett panelsamtal om id\u00e9skapande i radio- och poddsammanhang och fortsatte innan lunch med en f\u00f6rel\u00e4sning om humor av Radio AFs tidigare medlem Ludde Samuelsson. P\u00e5 eftermiddagen diskuterade vi bland annat hur man aktiverar sina medlemmar p\u00e5 b\u00e4sta s\u00e4tt och materialet fr\u00e5n den workshopen kommer att sammanst\u00e4llas till en guide som alla v\u00e5ra medlemsf\u00f6reningar kommer f\u00e5 ta del av. M\u00f6tet bj\u00f6d \u00e4ven p\u00e5 flera sittningar som gav deltagarna m\u00f6jlighet att l\u00e4ra k\u00e4nna varandra och varandras stationer b\u00e4ttre.<\/span><\/p>\n<p style=\"line-height: 140%;\"><span style=\"font-size: 12pt;\">Under medlemsm\u00f6tet som h\u00f6lls p\u00e5 s\u00f6ndagen r\u00f6stades 2024 \u00e5rs verksamhetsplan och budget igenom. M\u00f6tet valde \u00e4ven personer till en rad ansvarsposter i organisationen f\u00f6r verksamhets\u00e5r 2024:<\/span><\/p>\n<p style=\"line-height: 140%;\"><span style=\"font-size: 12pt;\"><strong>Cici Hong<\/strong> (<em>SH Radio<\/em>) valdes till ny ordf\u00f6rande f\u00f6r SRS<\/span><br \/>\n<span style=\"font-size: 12pt;\"><strong>Eva Gustavfsson<\/strong> (<em>K103<\/em>) valdes om som kass\u00f6r<\/span><br \/>\n<span style=\"font-size: 12pt;\"><strong>Malcolm Johansson<\/strong> (<em>K103<\/em>) valdes till ledamot med ansvar f\u00f6r reklamsamarbete och finansieringsm\u00f6jligheter<\/span><br \/>\n<span style=\"font-size: 12pt;\"><strong>Alma Rivarola Baraibar<\/strong> (<em>Ume\u00e5 studentradio<\/em>) valdes till ledamot med ansvar f\u00f6r samarbeten<\/span><br \/>\n<span style=\"font-size: 12pt;\"><strong>Carl-Christian Frunck<\/strong> (<em>PiteFM<\/em>) valdes in som ledamot med odefinierat ansvarsomr\u00e5de<\/span><br \/>\n<span style=\"font-size: 12pt;\"><strong>Daniel Solvold\u00a0<\/strong>(<em>Radio AF<\/em>) valdes om som intern revisor f\u00f6r 2024<\/span><br \/>\n<span style=\"font-size: 12pt;\"><strong>Gustav Lygon <\/strong>(<em>Stockholm College Radio<\/em>) samt\u00a0<strong>Oliwer Johansson<\/strong> (<em>K103<\/em>) valdes in i v\u00e5r valberedning<\/span><\/p>\n<p style=\"line-height: 140%;\"><span style=\"font-size: 12pt;\">Det blev verkligen ett storm\u00f6te att minnas och nu \u00e4r det inte m\u00e5nga m\u00e5nader kvar till v\u00e5rt \u00e5rsm\u00f6te i april. Mer info om plats och datum dyker upp i b\u00f6rjan av februari. Hoppas att vi ses d\u00e4r!<\/span><\/p>","protected":false},"excerpt":{"rendered":"<p>Den 24-26 november samlades representanter fr\u00e5n Studentradion i Sveriges medlemsstationer i Lund f\u00f6r h\u00f6stens storm\u00f6te. Som v\u00e4rd f\u00f6r m\u00f6tet stod Radio AF och de bj\u00f6d in till tre intensiva dagar fyllda med allt fr\u00e5n ett protokollf\u00f6rt medlemsm\u00f6te till efterfest i radiostudion. L\u00f6rdagen inleddes med ett panelsamtal om id\u00e9skapande i radio- och poddsammanhang och fortsatte innan [&hellip;]<\/p>\n","protected":false},"author":32,"featured_media":8739,"comment_status":"closed","ping_status":"closed","sticky":false,"template":"","format":"standard","meta":{"_et_pb_use_builder":"","_et_pb_old_content":"","_et_gb_content_width":"","footnotes":""},"categories":[31],"tags":[],"class_list":["post-8732","post","type-post","status-publish","format-standard","has-post-thumbnail","hentry","category-nyheter-2021"],"_links":{"self":[{"href":"https:\/\/studentradion.se\/en_gb\/wp-json\/wp\/v2\/posts\/8732","targetHints":{"allow":["GET"]}}],"collection":[{"href":"https:\/\/studentradion.se\/en_gb\/wp-json\/wp\/v2\/posts"}],"about":[{"href":"https:\/\/studentradion.se\/en_gb\/wp-json\/wp\/v2\/types\/post"}],"author":[{"embeddable":true,"href":"https:\/\/studentradion.se\/en_gb\/wp-json\/wp\/v2\/users\/32"}],"replies":[{"embeddable":true,"href":"https:\/\/studentradion.se\/en_gb\/wp-json\/wp\/v2\/comments?post=8732"}],"version-history":[{"count":1,"href":"https:\/\/studentradion.se\/en_gb\/wp-json\/wp\/v2\/posts\/8732\/revisions"}],"predecessor-version":[{"id":8734,"href":"https:\/\/studentradion.se\/en_gb\/wp-json\/wp\/v2\/posts\/8732\/revisions\/8734"}],"wp:featuredmedia":[{"embeddable":true,"href":"https:\/\/studentradion.se\/en_gb\/wp-json\/wp\/v2\/media\/8739"}],"wp:attachment":[{"href":"https:\/\/studentradion.se\/en_gb\/wp-json\/wp\/v2\/media?parent=8732"}],"wp:term":[{"taxonomy":"category","embeddable":true,"href":"https:\/\/studentradion.se\/en_gb\/wp-json\/wp\/v2\/categories?post=8732"},{"taxonomy":"post_tag","embeddable":true,"href":"https:\/\/studentradion.se\/en_gb\/wp-json\/wp\/v2\/tags?post=8732"}],"curies":[{"name":"wp","href":"https:\/\/api.w.org\/{rel}","templated":true}]}}