{"id":8680,"date":"2023-08-24T12:55:50","date_gmt":"2023-08-24T10:55:50","guid":{"rendered":"https:\/\/studentradion.se\/?p=8680"},"modified":"2023-08-24T13:07:17","modified_gmt":"2023-08-24T11:07:17","slug":"dokumentar-om-srs","status":"publish","type":"post","link":"https:\/\/studentradion.se\/en_gb\/nyheter-2021\/dokumentar-om-srs\/","title":{"rendered":"Dokument\u00e4r om SRS historia"},"content":{"rendered":"<p><span style=\"font-size: 12pt;\">Man brukar ju s\u00e4ga att historia skrivs, men vi h\u00e4r i radiosv\u00e4ngen v\u00e4ljer att ber\u00e4tta v\u00e5r historia muntligt ist\u00e4llet. D\u00e4rf\u00f6r har v\u00e5r styrelseledamot Carl-Christian Frunck skapat en dokument\u00e4r om Studentradion i Sveriges historia &#8211; hela 30 \u00e5r har det ju hunnit bli. I dokument\u00e4ren f\u00e5r vi bland annat h\u00f6ra intervjuer med de som var d\u00e4r n\u00e4r SRS grundades, ljudklipp fr\u00e5n dagens studentradio och v\u00e5ra medlemmars r\u00f6ster om vad det var som lockade in dem i studentradions v\u00e4rld. Under v\u00e5ren har dokument\u00e4ren s\u00e4nts p\u00e5 v\u00e5ra medlemsstationer runt om i landet men nu finns den \u00e4ven p\u00e5 Spotify &#8211; perfekt nu n\u00e4r du kanske beh\u00f6ver n\u00e5got att lyssna p\u00e5 n\u00e4r du pendlar, jobbar eller st\u00f6vlar runt i skogen och plockar svamp. <a href=\"https:\/\/open.spotify.com\/episode\/3FJpHPEliyPzUldhTjlckJ?si=89f10a86c6504a34\" target=\"_blank\" rel=\"noopener\">Direktl\u00e4nk till &#8221;Studentradion d\u00e5 och nu &#8211; 30 \u00e5r tillsammans&#8221; hittar du h\u00e4r!<\/a><\/span><\/p>\n<p><span style=\"font-size: 12pt;\">Men Carl-Christian har \u00e4ven gr\u00e4vt vidare i radions historia och intervjuat Henrik Kervall och Sven Hallberg om den kommersiella radions historia. Vi f\u00e5r f\u00f6lja med p\u00e5 en tidsresa fr\u00e5n Radio Nord och Syd, via pirat-, n\u00e4r- och studentradion, till Jan Stenbeck och Mix Megapol. <a href=\"https:\/\/open.spotify.com\/episode\/27mlN7irq7apy3dB8eLVLY?si=32d48aa99823464b\" target=\"_blank\" rel=\"noopener\">&#8221;Den kommersiella radions historia &#8211; 30 \u00e5r tillsammans&#8221; finns s\u00e5klart ocks\u00e5 p\u00e5 Spotify!<\/a><\/span><\/p>","protected":false},"excerpt":{"rendered":"<p>Man brukar ju s\u00e4ga att historia skrivs, men vi h\u00e4r i radiosv\u00e4ngen v\u00e4ljer att ber\u00e4tta v\u00e5r historia muntligt ist\u00e4llet. D\u00e4rf\u00f6r har v\u00e5r styrelseledamot Carl-Christian Frunck skapat en dokument\u00e4r om Studentradion i Sveriges historia &#8211; hela 30 \u00e5r har det ju hunnit bli. I dokument\u00e4ren f\u00e5r vi bland annat h\u00f6ra intervjuer med de som var d\u00e4r [&hellip;]<\/p>\n","protected":false},"author":32,"featured_media":8681,"comment_status":"closed","ping_status":"closed","sticky":false,"template":"","format":"standard","meta":{"_et_pb_use_builder":"","_et_pb_old_content":"","_et_gb_content_width":"","footnotes":""},"categories":[31],"tags":[],"class_list":["post-8680","post","type-post","status-publish","format-standard","has-post-thumbnail","hentry","category-nyheter-2021"],"_links":{"self":[{"href":"https:\/\/studentradion.se\/en_gb\/wp-json\/wp\/v2\/posts\/8680","targetHints":{"allow":["GET"]}}],"collection":[{"href":"https:\/\/studentradion.se\/en_gb\/wp-json\/wp\/v2\/posts"}],"about":[{"href":"https:\/\/studentradion.se\/en_gb\/wp-json\/wp\/v2\/types\/post"}],"author":[{"embeddable":true,"href":"https:\/\/studentradion.se\/en_gb\/wp-json\/wp\/v2\/users\/32"}],"replies":[{"embeddable":true,"href":"https:\/\/studentradion.se\/en_gb\/wp-json\/wp\/v2\/comments?post=8680"}],"version-history":[{"count":2,"href":"https:\/\/studentradion.se\/en_gb\/wp-json\/wp\/v2\/posts\/8680\/revisions"}],"predecessor-version":[{"id":8685,"href":"https:\/\/studentradion.se\/en_gb\/wp-json\/wp\/v2\/posts\/8680\/revisions\/8685"}],"wp:featuredmedia":[{"embeddable":true,"href":"https:\/\/studentradion.se\/en_gb\/wp-json\/wp\/v2\/media\/8681"}],"wp:attachment":[{"href":"https:\/\/studentradion.se\/en_gb\/wp-json\/wp\/v2\/media?parent=8680"}],"wp:term":[{"taxonomy":"category","embeddable":true,"href":"https:\/\/studentradion.se\/en_gb\/wp-json\/wp\/v2\/categories?post=8680"},{"taxonomy":"post_tag","embeddable":true,"href":"https:\/\/studentradion.se\/en_gb\/wp-json\/wp\/v2\/tags?post=8680"}],"curies":[{"name":"wp","href":"https:\/\/api.w.org\/{rel}","templated":true}]}}