{"id":8626,"date":"2023-06-05T12:28:51","date_gmt":"2023-06-05T10:28:51","guid":{"rendered":"https:\/\/studentradion.se\/?p=8626"},"modified":"2023-06-05T12:28:51","modified_gmt":"2023-06-05T10:28:51","slug":"glad-sommar-2","status":"publish","type":"post","link":"https:\/\/studentradion.se\/en_gb\/nyheter-2021\/glad-sommar-2\/","title":{"rendered":"Glad sommar!"},"content":{"rendered":"<p><span style=\"font-size: 12pt;\">Sommaren \u00e4r p\u00e5 ing\u00e5ng men det betyder inte att studentradion tystnar. Tv\u00e4rtom s\u00e5 \u00e4r sommarm\u00e5naderna en utm\u00e4rkt tid att samla material, fundera p\u00e5 nya programkoncept och planera inf\u00f6r h\u00f6stterminen.<\/span><\/p>\n<p><span style=\"font-size: 12pt;\"><strong>Festivaler och event:<\/strong> Fr\u00e5n Lollapalooza p\u00e5 G\u00e4rdet till en liten indiefestival i ett h\u00f6rn av stadsparken &#8211; sommaren \u00e4r fylld av musikfestivaler. S\u00e5 ans\u00f6k om presspass, packa inspelningsutrustningen och ge dig ut p\u00e5 jakt efter radiomaterial att fylla h\u00f6stens s\u00e4ndningar med. Intervjua morgondagens popstj\u00e4rnor, prata med bes\u00f6kare och skildra st\u00e4mningen p\u00e5 plats &#8211; att vara festivalreporter \u00e4r en perfekt blandning av nytta och n\u00f6je! Och gl\u00f6m inte bort allt annat som h\u00e4nder under sommaren: torgmarknader, uteloppisar, kulturfestivaler, sportevent &#8211; det finns m\u00e4nniskor att prata med \u00f6verallt.<\/span><\/p>\n<p><span style=\"font-size: 12pt;\"><strong>Nya programid\u00e9er:<\/strong> I b\u00f6rjan av h\u00f6stterminen \u00e4r det ofta mycket som h\u00e4nder p\u00e5 en g\u00e5ng och ibland g\u00e5r mycket p\u00e5 rutin. Anv\u00e4nd sommarm\u00e5naderna till att fundera p\u00e5 vilken sorts studentradio du (eller ni som station) vill s\u00e4nda till h\u00f6sten. Ska du forts\u00e4tta med samma programkoncept som p\u00e5 v\u00e5ren? Beh\u00f6ver din radiostation ett morgonprogram, nyhetss\u00e4ndningar eller kanske en quizshow? \u00c4r det h\u00e4r terminen som radioteater blir riktigt hett i studentradiosverige igen?<\/span><\/p>\n<p><span style=\"font-size: 12pt;\"><strong>F\u00f6rbered inf\u00f6r h\u00f6sten:<\/strong> Sitter du i styrelsen f\u00f6r din studentradiof\u00f6rening eller har du en annan ansvarsroll p\u00e5 stationen? B\u00f6rja redan nu planera inf\u00f6r de f\u00f6rsta veckorna p\u00e5 h\u00f6sten. Best\u00e4m om ni vill s\u00e4nda radio fr\u00e5n olika insparksaktiviteter och ta reda p\u00e5 vem ni beh\u00f6ver ta kontakt med f\u00f6r att det ska kunna bli av, fundera p\u00e5 m\u00f6jliga samarbeten med studentk\u00e5ren eller andra studentf\u00f6reningar och se \u00f6ver era medlemsrekryteringsstrategier. P\u00e5 sommaren finns det ofta lite extra tid att till exempel b\u00f6rja skissa p\u00e5 nya affischer eller ny merch.<\/p>\n<p>P\u00e5 Studentradion i Sverige f\u00f6rbereder vi oss ocks\u00e5 f\u00f6r en liten sommarpaus, men f\u00f6rst ska de sista l\u00f6sa tr\u00e5darna fr\u00e5n v\u00e5rterminen knytas samman och den nya styrelsen som valdes in under \u00e5rsm\u00f6tet i Stockholm f\u00e5 sin \u00f6verl\u00e4mning. <strong>Men redan nu vill vi p\u00e5 kansliet och i SRS styrelse s\u00e4ga tack f\u00f6r ett fantastiskt radio\u00e5r! Hoppas att ni allihopa f\u00e5r en h\u00e4rlig sommar med vila, omv\u00e4xling och \u00e4ventyr! Visst ses vi till h\u00f6sten igen?<\/strong><\/span><\/p>","protected":false},"excerpt":{"rendered":"<p>Sommaren \u00e4r p\u00e5 ing\u00e5ng men det betyder inte att studentradion tystnar. Tv\u00e4rtom s\u00e5 \u00e4r sommarm\u00e5naderna en utm\u00e4rkt tid att samla material, fundera p\u00e5 nya programkoncept och planera inf\u00f6r h\u00f6stterminen. Festivaler och event: Fr\u00e5n Lollapalooza p\u00e5 G\u00e4rdet till en liten indiefestival i ett h\u00f6rn av stadsparken &#8211; sommaren \u00e4r fylld av musikfestivaler. S\u00e5 ans\u00f6k om presspass, [&hellip;]<\/p>\n","protected":false},"author":32,"featured_media":8627,"comment_status":"closed","ping_status":"closed","sticky":false,"template":"","format":"standard","meta":{"_et_pb_use_builder":"","_et_pb_old_content":"","_et_gb_content_width":"","footnotes":""},"categories":[31],"tags":[],"class_list":["post-8626","post","type-post","status-publish","format-standard","has-post-thumbnail","hentry","category-nyheter-2021"],"_links":{"self":[{"href":"https:\/\/studentradion.se\/en_gb\/wp-json\/wp\/v2\/posts\/8626","targetHints":{"allow":["GET"]}}],"collection":[{"href":"https:\/\/studentradion.se\/en_gb\/wp-json\/wp\/v2\/posts"}],"about":[{"href":"https:\/\/studentradion.se\/en_gb\/wp-json\/wp\/v2\/types\/post"}],"author":[{"embeddable":true,"href":"https:\/\/studentradion.se\/en_gb\/wp-json\/wp\/v2\/users\/32"}],"replies":[{"embeddable":true,"href":"https:\/\/studentradion.se\/en_gb\/wp-json\/wp\/v2\/comments?post=8626"}],"version-history":[{"count":1,"href":"https:\/\/studentradion.se\/en_gb\/wp-json\/wp\/v2\/posts\/8626\/revisions"}],"predecessor-version":[{"id":8628,"href":"https:\/\/studentradion.se\/en_gb\/wp-json\/wp\/v2\/posts\/8626\/revisions\/8628"}],"wp:featuredmedia":[{"embeddable":true,"href":"https:\/\/studentradion.se\/en_gb\/wp-json\/wp\/v2\/media\/8627"}],"wp:attachment":[{"href":"https:\/\/studentradion.se\/en_gb\/wp-json\/wp\/v2\/media?parent=8626"}],"wp:term":[{"taxonomy":"category","embeddable":true,"href":"https:\/\/studentradion.se\/en_gb\/wp-json\/wp\/v2\/categories?post=8626"},{"taxonomy":"post_tag","embeddable":true,"href":"https:\/\/studentradion.se\/en_gb\/wp-json\/wp\/v2\/tags?post=8626"}],"curies":[{"name":"wp","href":"https:\/\/api.w.org\/{rel}","templated":true}]}}