{"id":8552,"date":"2022-12-13T16:28:38","date_gmt":"2022-12-13T15:28:38","guid":{"rendered":"https:\/\/studentradion.se\/?p=8552"},"modified":"2022-12-13T16:37:22","modified_gmt":"2022-12-13T15:37:22","slug":"medlemsmote-pa-sodertorn","status":"publish","type":"post","link":"https:\/\/studentradion.se\/en_gb\/nyheter-2021\/medlemsmote-pa-sodertorn\/","title":{"rendered":"Medlemsm\u00f6te p\u00e5 S\u00f6dert\u00f6rn"},"content":{"rendered":"<p><span style=\"font-size: 12pt;\">Nu har det g\u00e5tt n\u00e5gra veckor sedan deltagare fr\u00e5n tolv studentradiostationer m\u00f6ttes p\u00e5 S\u00f6dert\u00f6rn i Stockholm f\u00f6r h\u00f6stens SRS storm\u00f6te den 25-27 november. F\u00f6rutom mingel, god mat och fest s\u00e5 \u00e4gnade vi tv\u00e5 hela dagar \u00e5t att prata om studentradio. P\u00e5 l\u00f6rdagen fick vi bes\u00f6k av Julia Blomberg fr\u00e5n Sveriges Radio som ber\u00e4ttade om SR som arbetsgivare och vilka v\u00e4gar det finns om man vill jobba inom radio. Vi pratade \u00e4ven om hur nyhetsrapportering kan se ut inom studentradio och fick d\u00e5 bes\u00f6k av Felix \u00d6ste Personne fr\u00e5n Ekot. Dessutom quizzade vi oss igenom studentradiosverige &#8211; vi b\u00f6rjade med en l\u00e5t fr\u00e5n Popsicle uppe i Pite\u00e5 och slutade med Axwell \/\\ Ingrosso i Lund.<\/span><\/p>\n<p><span style=\"font-size: 12pt;\">P\u00e5 s\u00f6ndagen h\u00f6lls v\u00e5rt medlemsm\u00f6te och f\u00f6rutom en godk\u00e4nd budget och verksamhetsplan f\u00f6r 2023 s\u00e5 gav m\u00f6tet Studentradion i Sverige en ny styrelse. De som valdes in det h\u00e4r m\u00f6tet var:<\/span><\/p>\n<p><span style=\"font-size: 12pt;\"><strong>Gustav Lygon<\/strong>, <em>Stockholm College Radio &#8211; <\/em>ordf\u00f6rande<\/span><br \/>\n<span style=\"font-size: 12pt;\"><strong>Eva Gustavfsson<\/strong>, <em>K103 &#8211; <\/em>kass\u00f6r<\/span><br \/>\n<span style=\"font-size: 12pt;\"><strong>Carl-Christian Frunck<\/strong>, <em>Pite FM &#8211;<\/em>\u00a0styrelseledamot med ansvar f\u00f6r samarbetsfr\u00e5gor<\/span><br \/>\n<span style=\"font-size: 12pt;\"><strong>Lucas Ericson<\/strong>, <em>Stockholm College Radio &#8211;<\/em>\u00a0styrelseledamot<\/span><br \/>\n<span style=\"font-size: 12pt;\"><strong>Cici Hong<\/strong>, <em>SH Radio &#8211;<\/em>\u00a0styrelseledamot<\/span><\/p>\n<p><span style=\"font-size: 12pt;\">\u00c4ven f\u00f6ljande personer valdes till ansvarsposter:<\/span><\/p>\n<p><span style=\"font-size: 12pt;\"><strong>Daniel Solvold<\/strong>, <em>Radio AF &#8211;<\/em>\u00a0intern revisor<\/span><br \/>\n<span style=\"font-size: 12pt;\"><strong>Ellinor Sundeen<\/strong>, <em>DUR &#8211;<\/em>\u00a0valberedning<\/span><br \/>\n<span style=\"font-size: 12pt;\"><strong>Minna Karlsson<\/strong>, <em>K103 &#8211;<\/em>\u00a0valberedning<\/span><\/p>\n<p><span style=\"font-size: 12pt;\">Grattis till alla som blev invalda &#8211; s\u00e5v\u00e4l nya som v\u00e4lk\u00e4nda ansikten! Vi har ett sp\u00e4nnande \u00e5r framf\u00f6r oss med roliga projekt och ett stundande 30-\u00e5rsjubileum.<\/span><\/p>\n<p><span style=\"font-size: 12pt;\">Slutligen ett stort tack till v\u00e4rdstationen <strong>SH Radio<\/strong>, <strong>S\u00f6derS<\/strong> och eventkoordinatorn <strong>Albin<\/strong>! Vilket fantastiskt fint m\u00f6te vi fick uppleva tack vare er!<\/span><\/p>","protected":false},"excerpt":{"rendered":"<p>Nu har det g\u00e5tt n\u00e5gra veckor sedan deltagare fr\u00e5n tolv studentradiostationer m\u00f6ttes p\u00e5 S\u00f6dert\u00f6rn i Stockholm f\u00f6r h\u00f6stens SRS storm\u00f6te den 25-27 november. F\u00f6rutom mingel, god mat och fest s\u00e5 \u00e4gnade vi tv\u00e5 hela dagar \u00e5t att prata om studentradio. P\u00e5 l\u00f6rdagen fick vi bes\u00f6k av Julia Blomberg fr\u00e5n Sveriges Radio som ber\u00e4ttade om SR [&hellip;]<\/p>\n","protected":false},"author":32,"featured_media":8557,"comment_status":"closed","ping_status":"closed","sticky":false,"template":"","format":"standard","meta":{"_et_pb_use_builder":"","_et_pb_old_content":"","_et_gb_content_width":"","footnotes":""},"categories":[31],"tags":[],"class_list":["post-8552","post","type-post","status-publish","format-standard","has-post-thumbnail","hentry","category-nyheter-2021"],"_links":{"self":[{"href":"https:\/\/studentradion.se\/en_gb\/wp-json\/wp\/v2\/posts\/8552","targetHints":{"allow":["GET"]}}],"collection":[{"href":"https:\/\/studentradion.se\/en_gb\/wp-json\/wp\/v2\/posts"}],"about":[{"href":"https:\/\/studentradion.se\/en_gb\/wp-json\/wp\/v2\/types\/post"}],"author":[{"embeddable":true,"href":"https:\/\/studentradion.se\/en_gb\/wp-json\/wp\/v2\/users\/32"}],"replies":[{"embeddable":true,"href":"https:\/\/studentradion.se\/en_gb\/wp-json\/wp\/v2\/comments?post=8552"}],"version-history":[{"count":1,"href":"https:\/\/studentradion.se\/en_gb\/wp-json\/wp\/v2\/posts\/8552\/revisions"}],"predecessor-version":[{"id":8554,"href":"https:\/\/studentradion.se\/en_gb\/wp-json\/wp\/v2\/posts\/8552\/revisions\/8554"}],"wp:featuredmedia":[{"embeddable":true,"href":"https:\/\/studentradion.se\/en_gb\/wp-json\/wp\/v2\/media\/8557"}],"wp:attachment":[{"href":"https:\/\/studentradion.se\/en_gb\/wp-json\/wp\/v2\/media?parent=8552"}],"wp:term":[{"taxonomy":"category","embeddable":true,"href":"https:\/\/studentradion.se\/en_gb\/wp-json\/wp\/v2\/categories?post=8552"},{"taxonomy":"post_tag","embeddable":true,"href":"https:\/\/studentradion.se\/en_gb\/wp-json\/wp\/v2\/tags?post=8552"}],"curies":[{"name":"wp","href":"https:\/\/api.w.org\/{rel}","templated":true}]}}