{"id":8295,"date":"2022-06-13T14:34:21","date_gmt":"2022-06-13T12:34:21","guid":{"rendered":"https:\/\/studentradion.se\/?p=8295"},"modified":"2022-06-13T14:34:21","modified_gmt":"2022-06-13T12:34:21","slug":"glad-sommar","status":"publish","type":"post","link":"https:\/\/studentradion.se\/en_gb\/nyheter-2021\/glad-sommar\/","title":{"rendered":"Glad sommar!"},"content":{"rendered":"<p><span style=\"color: #000000; font-size: 12pt;\">Vi har snart n\u00e5tt mitten av juni och v\u00e5rterminen har f\u00f6rvandlats till sommarlov f\u00f6r m\u00e5nga av v\u00e5ra medlemmar. Men bara f\u00f6r att det \u00e4r sommar s\u00e5 tystnar inte radion. Sommarm\u00e5naderna \u00e4r en utm\u00e4rkt tid att planera f\u00f6r nya program, ans\u00f6ka om pressackreditering p\u00e5 n\u00e5gon sp\u00e4nnande musikfestival eller spela in en intervju eller tv\u00e5 ute p\u00e5 stan. H\u00e4r p\u00e5 Studentradion i Sverige laddar vi upp f\u00f6r n\u00e4sta termin som vi hoppas fylla med minst lika m\u00e5nga roliga medlemsm\u00f6ten, workshops och aktiviteter som v\u00e5ren bj\u00f6d p\u00e5. Tack f\u00f6r en fantastisk radiov\u00e5r &#8211; hoppas vi ses igen till h\u00f6sten!<\/span><\/p>","protected":false},"excerpt":{"rendered":"<p>Vi har snart n\u00e5tt mitten av juni och v\u00e5rterminen har f\u00f6rvandlats till sommarlov f\u00f6r m\u00e5nga av v\u00e5ra medlemmar. Men bara f\u00f6r att det \u00e4r sommar s\u00e5 tystnar inte radion. Sommarm\u00e5naderna \u00e4r en utm\u00e4rkt tid att planera f\u00f6r nya program, ans\u00f6ka om pressackreditering p\u00e5 n\u00e5gon sp\u00e4nnande musikfestival eller spela in en intervju eller tv\u00e5 ute p\u00e5 [&hellip;]<\/p>\n","protected":false},"author":32,"featured_media":8296,"comment_status":"closed","ping_status":"closed","sticky":false,"template":"","format":"standard","meta":{"_et_pb_use_builder":"","_et_pb_old_content":"","_et_gb_content_width":"","footnotes":""},"categories":[31],"tags":[],"class_list":["post-8295","post","type-post","status-publish","format-standard","has-post-thumbnail","hentry","category-nyheter-2021"],"_links":{"self":[{"href":"https:\/\/studentradion.se\/en_gb\/wp-json\/wp\/v2\/posts\/8295","targetHints":{"allow":["GET"]}}],"collection":[{"href":"https:\/\/studentradion.se\/en_gb\/wp-json\/wp\/v2\/posts"}],"about":[{"href":"https:\/\/studentradion.se\/en_gb\/wp-json\/wp\/v2\/types\/post"}],"author":[{"embeddable":true,"href":"https:\/\/studentradion.se\/en_gb\/wp-json\/wp\/v2\/users\/32"}],"replies":[{"embeddable":true,"href":"https:\/\/studentradion.se\/en_gb\/wp-json\/wp\/v2\/comments?post=8295"}],"version-history":[{"count":1,"href":"https:\/\/studentradion.se\/en_gb\/wp-json\/wp\/v2\/posts\/8295\/revisions"}],"predecessor-version":[{"id":8297,"href":"https:\/\/studentradion.se\/en_gb\/wp-json\/wp\/v2\/posts\/8295\/revisions\/8297"}],"wp:featuredmedia":[{"embeddable":true,"href":"https:\/\/studentradion.se\/en_gb\/wp-json\/wp\/v2\/media\/8296"}],"wp:attachment":[{"href":"https:\/\/studentradion.se\/en_gb\/wp-json\/wp\/v2\/media?parent=8295"}],"wp:term":[{"taxonomy":"category","embeddable":true,"href":"https:\/\/studentradion.se\/en_gb\/wp-json\/wp\/v2\/categories?post=8295"},{"taxonomy":"post_tag","embeddable":true,"href":"https:\/\/studentradion.se\/en_gb\/wp-json\/wp\/v2\/tags?post=8295"}],"curies":[{"name":"wp","href":"https:\/\/api.w.org\/{rel}","templated":true}]}}