{"id":8251,"date":"2022-04-28T15:17:46","date_gmt":"2022-04-28T13:17:46","guid":{"rendered":"https:\/\/studentradion.se\/?p=8251"},"modified":"2022-05-12T15:21:21","modified_gmt":"2022-05-12T13:21:21","slug":"studentradion-i-sveriges-arsmote-2022","status":"publish","type":"post","link":"https:\/\/studentradion.se\/en_gb\/nyheter-2021\/studentradion-i-sveriges-arsmote-2022\/","title":{"rendered":"Studentradion i Sveriges \u00e5rsm\u00f6te 2022"},"content":{"rendered":"<p>Den 1-3 april var det dags f\u00f6r Studentradion i Sveriges \u00e5rsm\u00f6te 2022 och den h\u00e4r g\u00e5ngen var vi drygt 40 medlemmar som hoppade p\u00e5 olika t\u00e5g med slutdestination: Falun. DUR &#8211; Dalarnas Studentradio v\u00e4lkomnade oss alla till sina fina lokaler och radiostudio och det blev en fantastisk helg med god mat, workshops, quiz, karaoke och s\u00e5klart en massa snack &#8211; vi \u00e4r trots allt radiopratare!<\/p>\n<p>P\u00e5 s\u00f6ndagen ringde v\u00e4ckarklockorna tidigt f\u00f6r vi skulle ju ocks\u00e5 hinna med ett \u00e5rsm\u00f6te. Verksamhetsber\u00e4ttelsen presenterades, \u00e5rsbokslutet lades till handlingarna och roligast av allt: vi fick en ny styrelse som kliver p\u00e5 i b\u00f6rjan av juli. <strong>Johanna Lindblom<\/strong> (RadioLUR) omvaldes som vice ordf\u00f6rande f\u00f6r SRS och <strong>Fatima Ammalou<\/strong> (K103), <strong>Caj Loqvist<\/strong> (Studentradion 98,9) samt <strong>Bartosz Brzuchalski<\/strong> (Stockholm College Radio) valdes in som ledam\u00f6ter i styrelsen. Dessutom valdes <strong>Anna Lampinen<\/strong> (Ume\u00e5 Studentradio) och <strong>Alice Dryden<\/strong> (K103) in i valberedningen och <strong>Anton Carlsson<\/strong> (SH Radio) valdes till intern revisor. V\u00e4lkomna allihopa!<\/p>\n<p>Nu \u00e4r det ett halv\u00e5r kvar till n\u00e4sta storm\u00f6te, visst ses vi d\u00e5?<\/p>","protected":false},"excerpt":{"rendered":"<p>Den 1-3 april var det dags f\u00f6r Studentradion i Sveriges \u00e5rsm\u00f6te 2022 och den h\u00e4r g\u00e5ngen var vi drygt 40 medlemmar som hoppade p\u00e5 olika t\u00e5g med slutdestination: Falun. DUR &#8211; Dalarnas Studentradio v\u00e4lkomnade oss alla till sina fina lokaler och radiostudio och det blev en fantastisk helg med god mat, workshops, quiz, karaoke och [&hellip;]<\/p>\n","protected":false},"author":32,"featured_media":8263,"comment_status":"closed","ping_status":"closed","sticky":false,"template":"","format":"standard","meta":{"_et_pb_use_builder":"","_et_pb_old_content":"","_et_gb_content_width":"","footnotes":""},"categories":[31],"tags":[],"class_list":["post-8251","post","type-post","status-publish","format-standard","has-post-thumbnail","hentry","category-nyheter-2021"],"_links":{"self":[{"href":"https:\/\/studentradion.se\/en_gb\/wp-json\/wp\/v2\/posts\/8251","targetHints":{"allow":["GET"]}}],"collection":[{"href":"https:\/\/studentradion.se\/en_gb\/wp-json\/wp\/v2\/posts"}],"about":[{"href":"https:\/\/studentradion.se\/en_gb\/wp-json\/wp\/v2\/types\/post"}],"author":[{"embeddable":true,"href":"https:\/\/studentradion.se\/en_gb\/wp-json\/wp\/v2\/users\/32"}],"replies":[{"embeddable":true,"href":"https:\/\/studentradion.se\/en_gb\/wp-json\/wp\/v2\/comments?post=8251"}],"version-history":[{"count":1,"href":"https:\/\/studentradion.se\/en_gb\/wp-json\/wp\/v2\/posts\/8251\/revisions"}],"predecessor-version":[{"id":8253,"href":"https:\/\/studentradion.se\/en_gb\/wp-json\/wp\/v2\/posts\/8251\/revisions\/8253"}],"wp:featuredmedia":[{"embeddable":true,"href":"https:\/\/studentradion.se\/en_gb\/wp-json\/wp\/v2\/media\/8263"}],"wp:attachment":[{"href":"https:\/\/studentradion.se\/en_gb\/wp-json\/wp\/v2\/media?parent=8251"}],"wp:term":[{"taxonomy":"category","embeddable":true,"href":"https:\/\/studentradion.se\/en_gb\/wp-json\/wp\/v2\/categories?post=8251"},{"taxonomy":"post_tag","embeddable":true,"href":"https:\/\/studentradion.se\/en_gb\/wp-json\/wp\/v2\/tags?post=8251"}],"curies":[{"name":"wp","href":"https:\/\/api.w.org\/{rel}","templated":true}]}}