{"id":8175,"date":"2022-03-03T12:19:45","date_gmt":"2022-03-03T11:19:45","guid":{"rendered":"https:\/\/studentradion.se\/?p=8175"},"modified":"2022-03-03T12:19:45","modified_gmt":"2022-03-03T11:19:45","slug":"nordljud-talk-med-tina-mehrafzoon","status":"publish","type":"post","link":"https:\/\/studentradion.se\/en_gb\/nyheter-2021\/nordljud-talk-med-tina-mehrafzoon\/","title":{"rendered":"Nordljud Talk med Tina Mehrafzoon"},"content":{"rendered":"<p><span style=\"font-size: 12pt;\"><strong>SAVE THE DATE!<\/strong><\/span><br \/>\n<span style=\"font-size: 12pt;\">Den 14 mars \u00e4r <a href=\"http:\/\/nordljud.com\" target=\"_blank\" rel=\"noopener\">Nordljud<\/a> stolta att v\u00e4lkomna <strong>Tina Mehrafzoon<\/strong> till v\u00e5r n\u00e4sta Nordljud Talk i samarbete med JMG &#8211; Journalisth\u00f6gskolan i G\u00f6teborg! Tina \u00e4r en av Sveriges mest v\u00e4lk\u00e4nda r\u00f6ster och hon har jobbat som musikjournalist p\u00e5 Sveriges Radio i n\u00e4stan 10 \u00e5r. Under Nordljud Talk f\u00e5r du l\u00e4ra dig mer om hennes karri\u00e4r &#8211; fr\u00e5n PiteFM till P3.<\/span><br \/>\n<span style=\"font-size: 12pt;\">Evenemanget \u00e4r \u00f6ppet f\u00f6r alla studentradiomedlemmar i Norden och JMGs studenter\/alumni. <\/span><\/p>\n<p><span style=\"font-size: 12pt;\">Anm\u00e4l dig h\u00e4r: <a class=\"c-link\" tabindex=\"-1\" href=\"https:\/\/forms.gle\/5GXhRtBYDCfhTiDn6\" target=\"_blank\" rel=\"noopener noreferrer\" data-stringify-link=\"https:\/\/forms.gle\/5GXhRtBYDCfhTiDn6\" data-sk=\"tooltip_parent\" data-remove-tab-index=\"true\">https:\/\/forms.gle\/5GXhRtBYDCfhTiDn6<\/a><\/span><\/p>\n<p><span style=\"font-size: 12pt;\">Hoppas att vi ses d\u00e4r!<\/span><\/p>","protected":false},"excerpt":{"rendered":"<p>SAVE THE DATE! Den 14 mars \u00e4r Nordljud stolta att v\u00e4lkomna Tina Mehrafzoon till v\u00e5r n\u00e4sta Nordljud Talk i samarbete med JMG &#8211; Journalisth\u00f6gskolan i G\u00f6teborg! Tina \u00e4r en av Sveriges mest v\u00e4lk\u00e4nda r\u00f6ster och hon har jobbat som musikjournalist p\u00e5 Sveriges Radio i n\u00e4stan 10 \u00e5r. Under Nordljud Talk f\u00e5r du l\u00e4ra dig mer [&hellip;]<\/p>\n","protected":false},"author":32,"featured_media":8176,"comment_status":"closed","ping_status":"closed","sticky":false,"template":"","format":"standard","meta":{"_et_pb_use_builder":"","_et_pb_old_content":"","_et_gb_content_width":"","footnotes":""},"categories":[31],"tags":[],"class_list":["post-8175","post","type-post","status-publish","format-standard","has-post-thumbnail","hentry","category-nyheter-2021"],"_links":{"self":[{"href":"https:\/\/studentradion.se\/en_gb\/wp-json\/wp\/v2\/posts\/8175","targetHints":{"allow":["GET"]}}],"collection":[{"href":"https:\/\/studentradion.se\/en_gb\/wp-json\/wp\/v2\/posts"}],"about":[{"href":"https:\/\/studentradion.se\/en_gb\/wp-json\/wp\/v2\/types\/post"}],"author":[{"embeddable":true,"href":"https:\/\/studentradion.se\/en_gb\/wp-json\/wp\/v2\/users\/32"}],"replies":[{"embeddable":true,"href":"https:\/\/studentradion.se\/en_gb\/wp-json\/wp\/v2\/comments?post=8175"}],"version-history":[{"count":1,"href":"https:\/\/studentradion.se\/en_gb\/wp-json\/wp\/v2\/posts\/8175\/revisions"}],"predecessor-version":[{"id":8177,"href":"https:\/\/studentradion.se\/en_gb\/wp-json\/wp\/v2\/posts\/8175\/revisions\/8177"}],"wp:featuredmedia":[{"embeddable":true,"href":"https:\/\/studentradion.se\/en_gb\/wp-json\/wp\/v2\/media\/8176"}],"wp:attachment":[{"href":"https:\/\/studentradion.se\/en_gb\/wp-json\/wp\/v2\/media?parent=8175"}],"wp:term":[{"taxonomy":"category","embeddable":true,"href":"https:\/\/studentradion.se\/en_gb\/wp-json\/wp\/v2\/categories?post=8175"},{"taxonomy":"post_tag","embeddable":true,"href":"https:\/\/studentradion.se\/en_gb\/wp-json\/wp\/v2\/tags?post=8175"}],"curies":[{"name":"wp","href":"https:\/\/api.w.org\/{rel}","templated":true}]}}