{"id":7796,"date":"2021-10-26T16:00:39","date_gmt":"2021-10-26T14:00:39","guid":{"rendered":"https:\/\/studentradion.se\/?p=7796"},"modified":"2021-10-26T16:11:38","modified_gmt":"2021-10-26T14:11:38","slug":"tablan-for-arets-radiomaraton-ar-har","status":"publish","type":"post","link":"https:\/\/studentradion.se\/en_gb\/nyheter-2021\/tablan-for-arets-radiomaraton-ar-har\/","title":{"rendered":"Tabl\u00e5n f\u00f6r \u00e5rets radiomaraton \u00e4r h\u00e4r!"},"content":{"rendered":"<p><span style=\"font-size: 12pt;\">Nu b\u00f6rjar \u00e5rets Radiomaraton verkligen att n\u00e4rma sig! P\u00e5 fredag \u00e4r det \u00e4ntligen dags f\u00f6r Studentradion i Sverige att l\u00e5ta v\u00e5ra medlemsf\u00f6reningar runt om i landen f\u00e5 ordet under ett sju timmar l\u00e5ngt maraton. \u00c5rets tema \u00e4r &#8221;Lokalt&#8221; och det har sex av v\u00e5ra medlemsstationer tolkat fritt i varsin timme. Den <strong>29 oktober<\/strong> klockan <strong>13:00-20:00<\/strong> blir det diskussioner, skratt och ett fantastiskt myller av Sveriges alla dialekter i etern .\u00a0<\/span><\/p>\n<p><span style=\"font-size: 12pt;\">Tabl\u00e5n f\u00f6r dagen ser ut s\u00e5 h\u00e4r:<\/span><\/p>\n<p><span style=\"font-size: 12pt;\">13:00 &#8211; 14:00 <strong>Ume\u00e5 Studentradio<\/strong>, Ume\u00e5<\/span><br \/>\n<span style=\"font-size: 12pt;\">14:00 &#8211; 15:00 <strong>Radiosvallet<\/strong>, Sundsvall<\/span><br \/>\n<span style=\"font-size: 12pt;\">15:00 &#8211; 16:00 <strong>Studentradion 98,9<\/strong>, Uppsala<\/span><br \/>\n<span style=\"font-size: 12pt;\">16:00 &#8211; 17:00 <strong>K103<\/strong>, G\u00f6teborg<\/span><br \/>\n<span style=\"font-size: 12pt;\">17:00 &#8211; 18:00 <strong>RadioLUR<\/strong>, V\u00e4xj\u00f6<\/span><br \/>\n<span style=\"font-size: 12pt;\">18:00 &#8211; 19:00 <strong>Radio AF<\/strong>, Lund<\/span><br \/>\n<span style=\"font-size: 12pt;\">19:00 &#8211; 20:00 Intervju med <strong>Ludde Samuelsson<\/strong><\/span><\/p>\n<p><span style=\"font-size: 12pt;\">Vill du lyssna p\u00e5 Radiomaratonet? S\u00e5 klart du vill! Du hittar s\u00e4ndningen h\u00e4r:<\/span><\/p>\n<ul>\n<li><span style=\"font-size: 12pt;\">Webbradion p\u00e5 <a href=\"http:\/\/www.k103.se\/\" target=\"_blank\" rel=\"noopener\" data-saferedirecturl=\"https:\/\/www.google.com\/url?q=http:\/\/www.k103.se\/&amp;source=gmail&amp;ust=1635342617092000&amp;usg=AFQjCNETbnlxOLWzUTpfbXQAcC359dufUg\">K103.se<\/a><\/span><\/li>\n<li><span style=\"font-size: 12pt;\">K103 i appen Tuneln Radio (finns att ladda ner p\u00e5 Appstore och Google Play)\u00a0<\/span><\/li>\n<li><span style=\"font-size: 12pt;\">P\u00e5 FM-bandet 103,1 MHz i G\u00f6teborgsomr\u00e5det<\/span><\/li>\n<\/ul>","protected":false},"excerpt":{"rendered":"<p>Nu b\u00f6rjar \u00e5rets Radiomaraton verkligen att n\u00e4rma sig! P\u00e5 fredag \u00e4r det \u00e4ntligen dags f\u00f6r Studentradion i Sverige att l\u00e5ta v\u00e5ra medlemsf\u00f6reningar runt om i landen f\u00e5 ordet under ett sju timmar l\u00e5ngt maraton. \u00c5rets tema \u00e4r &#8221;Lokalt&#8221; och det har sex av v\u00e5ra medlemsstationer tolkat fritt i varsin timme. Den 29 oktober klockan 13:00-20:00 [&hellip;]<\/p>\n","protected":false},"author":32,"featured_media":7776,"comment_status":"closed","ping_status":"closed","sticky":false,"template":"","format":"standard","meta":{"_et_pb_use_builder":"","_et_pb_old_content":"","_et_gb_content_width":"","footnotes":""},"categories":[31],"tags":[],"class_list":["post-7796","post","type-post","status-publish","format-standard","has-post-thumbnail","hentry","category-nyheter-2021"],"_links":{"self":[{"href":"https:\/\/studentradion.se\/en_gb\/wp-json\/wp\/v2\/posts\/7796","targetHints":{"allow":["GET"]}}],"collection":[{"href":"https:\/\/studentradion.se\/en_gb\/wp-json\/wp\/v2\/posts"}],"about":[{"href":"https:\/\/studentradion.se\/en_gb\/wp-json\/wp\/v2\/types\/post"}],"author":[{"embeddable":true,"href":"https:\/\/studentradion.se\/en_gb\/wp-json\/wp\/v2\/users\/32"}],"replies":[{"embeddable":true,"href":"https:\/\/studentradion.se\/en_gb\/wp-json\/wp\/v2\/comments?post=7796"}],"version-history":[{"count":3,"href":"https:\/\/studentradion.se\/en_gb\/wp-json\/wp\/v2\/posts\/7796\/revisions"}],"predecessor-version":[{"id":7799,"href":"https:\/\/studentradion.se\/en_gb\/wp-json\/wp\/v2\/posts\/7796\/revisions\/7799"}],"wp:featuredmedia":[{"embeddable":true,"href":"https:\/\/studentradion.se\/en_gb\/wp-json\/wp\/v2\/media\/7776"}],"wp:attachment":[{"href":"https:\/\/studentradion.se\/en_gb\/wp-json\/wp\/v2\/media?parent=7796"}],"wp:term":[{"taxonomy":"category","embeddable":true,"href":"https:\/\/studentradion.se\/en_gb\/wp-json\/wp\/v2\/categories?post=7796"},{"taxonomy":"post_tag","embeddable":true,"href":"https:\/\/studentradion.se\/en_gb\/wp-json\/wp\/v2\/tags?post=7796"}],"curies":[{"name":"wp","href":"https:\/\/api.w.org\/{rel}","templated":true}]}}