{"id":4788,"date":"2018-04-26T10:30:31","date_gmt":"2018-04-26T08:30:31","guid":{"rendered":"http:\/\/studentradion.se\/?p=4788"},"modified":"2021-04-16T11:16:04","modified_gmt":"2021-04-16T09:16:04","slug":"recap-stormote-13-15-april","status":"publish","type":"post","link":"https:\/\/studentradion.se\/en_gb\/nyheter-2018\/recap-stormote-13-15-april\/","title":{"rendered":"Recap: Storm\u00f6te 13-15 april!"},"content":{"rendered":"<p>[et_pb_section fb_built=&#8221;1&#8243; admin_label=&#8221;section&#8221; _builder_version=&#8221;3.22&#8243;][et_pb_row admin_label=&#8221;row&#8221; _builder_version=&#8221;3.25&#8243; background_size=&#8221;initial&#8221; background_position=&#8221;top_left&#8221; background_repeat=&#8221;repeat&#8221;][et_pb_column type=&#8221;4_4&#8243; _builder_version=&#8221;3.25&#8243; custom_padding=&#8221;|||&#8221; custom_padding__hover=&#8221;|||&#8221;][et_pb_text admin_label=&#8221;Text&#8221; _builder_version=&#8221;3.27.4&#8243; background_size=&#8221;initial&#8221; background_position=&#8221;top_left&#8221; background_repeat=&#8221;repeat&#8221;]\t\t\t\t\t<div id=\"attachment_4790\" style=\"width: 510px\" class=\"wp-caption aligncenter\"><img decoding=\"async\" aria-describedby=\"caption-attachment-4790\" class=\"size-large wp-image-4790 lazyload\" data-src=\"http:\/\/studentradion.se\/wp-content\/uploads\/31318267_1689541464470363_6514663311479406592_o-500x333.jpg\" alt=\"Foto: Radio Shore\" width=\"500\" height=\"333\" data-srcset=\"https:\/\/studentradion.se\/wp-content\/uploads\/31318267_1689541464470363_6514663311479406592_o-500x333.jpg 500w, https:\/\/studentradion.se\/wp-content\/uploads\/31318267_1689541464470363_6514663311479406592_o-240x160.jpg 240w, https:\/\/studentradion.se\/wp-content\/uploads\/31318267_1689541464470363_6514663311479406592_o-768x512.jpg 768w, https:\/\/studentradion.se\/wp-content\/uploads\/31318267_1689541464470363_6514663311479406592_o-600x400.jpg 600w, https:\/\/studentradion.se\/wp-content\/uploads\/31318267_1689541464470363_6514663311479406592_o-1080x720.jpg 1080w, https:\/\/studentradion.se\/wp-content\/uploads\/31318267_1689541464470363_6514663311479406592_o-610x407.jpg 610w, https:\/\/studentradion.se\/wp-content\/uploads\/31318267_1689541464470363_6514663311479406592_o.jpg 2048w\" data-sizes=\"(max-width: 500px) 100vw, 500px\" src=\"data:image\/svg+xml;base64,PHN2ZyB3aWR0aD0iMSIgaGVpZ2h0PSIxIiB4bWxucz0iaHR0cDovL3d3dy53My5vcmcvMjAwMC9zdmciPjwvc3ZnPg==\" style=\"--smush-placeholder-width: 500px; --smush-placeholder-aspect-ratio: 500\/333;\" \/><p id=\"caption-attachment-4790\" class=\"wp-caption-text\">Foto: Radio Shore<\/p><\/div><\/p>\n<p><span style=\"color: #000000;\">Den 13-15 april hade SRS ytterligare ett trevligt v\u00e5rm\u00f6te med alla medlemsstationer. Den h\u00e4r g\u00e5ngen fick vi \u00e4ran att vara i Kalmar d\u00e4r Radio Shore bj\u00f6d p\u00e5 en fantastisk helg med middag p\u00e5 slottet, gott fika och en v\u00e4ldigt intressant f\u00f6rel\u00e4sning av Mordpodden!<\/span><\/p>\n<p><span style=\"color: #000000;\">P\u00e5 sj\u00e4lva m\u00f6tesdelen av m\u00f6tet lyckades vi tillsammans besluta om att inf\u00f6ra en nomineringskvot till SRS styrelse f\u00f6r varje medlemsf\u00f6rening. F\u00f6reningarna ska \u00e4ven utse en SRS-ambassad\u00f6r som ansvarar f\u00f6r nomineringen samt kontakt med valberedningen och SRS.<\/span><\/p>\n<p><span style=\"color: #000000;\">Under fyllnadsvalet lyckades SRS f\u00e5 en till ledamot. Ge ett supervarmt v\u00e4lkomnande till Julia, den nyaste medlemmen i SRS styrelse (och \u00e4ven den fantastiska eventkoordinatorn f\u00f6r detta m\u00f6te). Nu n\u00e4r styrelsen har en ledamot till ser vi mycket fram mot att kunna g\u00f6ra \u00e4nnu mer \u00e4n vi tidigare planerat. Hurra!<\/span><\/p>\n<p><span style=\"color: #000000;\">Tack alla ni som var med och skapade ett trevligt m\u00f6te! Vi i styrelsen \u00e4r mycket taggade p\u00e5 att jobba vidare nu f\u00f6r att g\u00f6ra SRS \u00e4nnu b\u00e4ttre.<\/span><\/p>\n<p><span style=\"color: #000000;\">Vi syns i oktober!<\/span>[\/et_pb_text][\/et_pb_column][\/et_pb_row][\/et_pb_section]<\/p>\n","protected":false},"excerpt":{"rendered":"<p>Den 13-15 april hade SRS ytterligare ett trevligt v\u00e5rm\u00f6te med alla medlemsstationer. Den h\u00e4r g\u00e5ngen fick vi \u00e4ran att vara i Kalmar d\u00e4r Radio Shore bj\u00f6d p\u00e5 en fantastisk helg med middag p\u00e5 slottet, gott fika och en v\u00e4ldigt intressant f\u00f6rel\u00e4sning av Mordpodden! P\u00e5 sj\u00e4lva m\u00f6tesdelen av m\u00f6tet lyckades vi tillsammans besluta om att inf\u00f6ra [&hellip;]<\/p>\n","protected":false},"author":30,"featured_media":4790,"comment_status":"closed","ping_status":"closed","sticky":false,"template":"","format":"standard","meta":{"_et_pb_use_builder":"on","_et_pb_old_content":"[caption id=\"attachment_4790\" align=\"aligncenter\" width=\"500\"]<img class=\"size-large wp-image-4790\" src=\"http:\/\/studentradion.se\/wp-content\/uploads\/31318267_1689541464470363_6514663311479406592_o-500x333.jpg\" alt=\"Foto: Radio Shore\" width=\"500\" height=\"333\" \/> Foto: Radio Shore[\/caption]\r\n\r\n<span style=\"color: #000000;\">Den 13-15 april hade SRS ytterligare ett trevligt v\u00e5rm\u00f6te med alla medlemsstationer. Den h\u00e4r g\u00e5ngen fick vi \u00e4ran att vara i Kalmar d\u00e4r Radio Shore bj\u00f6d p\u00e5 en fantastisk helg med middag p\u00e5 slottet, gott fika och en v\u00e4ldigt intressant f\u00f6rel\u00e4sning av Mordpodden!<\/span>\r\n\r\n<span style=\"color: #000000;\">P\u00e5 sj\u00e4lva m\u00f6tesdelen av m\u00f6tet lyckades vi tillsammans besluta om att inf\u00f6ra en nomineringskvot till SRS styrelse f\u00f6r varje medlemsf\u00f6rening. F\u00f6reningarna ska \u00e4ven utse en SRS-ambassad\u00f6r som ansvarar f\u00f6r nomineringen samt kontakt med valberedningen och SRS.<\/span>\r\n\r\n<span style=\"color: #000000;\">Under fyllnadsvalet lyckades SRS f\u00e5 en till ledamot. Ge ett supervarmt v\u00e4lkomnande till Julia, den nyaste medlemmen i SRS styrelse (och \u00e4ven den fantastiska eventkoordinatorn f\u00f6r detta m\u00f6te). Nu n\u00e4r styrelsen har en ledamot till ser vi mycket fram mot att kunna g\u00f6ra \u00e4nnu mer \u00e4n vi tidigare planerat. Hurra!<\/span>\r\n\r\n<span style=\"color: #000000;\">Tack alla ni som var med och skapade ett trevligt m\u00f6te! Vi i styrelsen \u00e4r mycket taggade p\u00e5 att jobba vidare nu f\u00f6r att g\u00f6ra SRS \u00e4nnu b\u00e4ttre.<\/span>\r\n\r\n<span style=\"color: #000000;\">Vi syns i oktober!<\/span>","_et_gb_content_width":"","footnotes":""},"categories":[32],"tags":[],"class_list":["post-4788","post","type-post","status-publish","format-standard","has-post-thumbnail","hentry","category-nyheter-2018"],"_links":{"self":[{"href":"https:\/\/studentradion.se\/en_gb\/wp-json\/wp\/v2\/posts\/4788","targetHints":{"allow":["GET"]}}],"collection":[{"href":"https:\/\/studentradion.se\/en_gb\/wp-json\/wp\/v2\/posts"}],"about":[{"href":"https:\/\/studentradion.se\/en_gb\/wp-json\/wp\/v2\/types\/post"}],"author":[{"embeddable":true,"href":"https:\/\/studentradion.se\/en_gb\/wp-json\/wp\/v2\/users\/30"}],"replies":[{"embeddable":true,"href":"https:\/\/studentradion.se\/en_gb\/wp-json\/wp\/v2\/comments?post=4788"}],"version-history":[{"count":5,"href":"https:\/\/studentradion.se\/en_gb\/wp-json\/wp\/v2\/posts\/4788\/revisions"}],"predecessor-version":[{"id":5518,"href":"https:\/\/studentradion.se\/en_gb\/wp-json\/wp\/v2\/posts\/4788\/revisions\/5518"}],"wp:featuredmedia":[{"embeddable":true,"href":"https:\/\/studentradion.se\/en_gb\/wp-json\/wp\/v2\/media\/4790"}],"wp:attachment":[{"href":"https:\/\/studentradion.se\/en_gb\/wp-json\/wp\/v2\/media?parent=4788"}],"wp:term":[{"taxonomy":"category","embeddable":true,"href":"https:\/\/studentradion.se\/en_gb\/wp-json\/wp\/v2\/categories?post=4788"},{"taxonomy":"post_tag","embeddable":true,"href":"https:\/\/studentradion.se\/en_gb\/wp-json\/wp\/v2\/tags?post=4788"}],"curies":[{"name":"wp","href":"https:\/\/api.w.org\/{rel}","templated":true}]}}